{"id":143314,"date":"2018-03-28T19:34:39","date_gmt":"2018-03-28T17:34:39","guid":{"rendered":"https:\/\/www.sana.sy\/tr\/?p=143314"},"modified":"2018-03-28T19:36:43","modified_gmt":"2018-03-28T17:36:43","slug":"sana-muhabiri-dogu-gutanin-cobar-ayn-terma-zemelke-ve-irbin-bolgelerinde-uzlasmayi-reddeden-teroristlerden-1017-teroristin-aralarinda-bulundugu-4108-kisiyi-tasiyan-69-otobusun-idlib","status":"publish","type":"post","link":"https:\/\/archive.sana.sy\/tr\/?p=143314","title":{"rendered":"SANA  muhabiri Do\u011fu \u011euta\u2019n\u0131n Cobar, Ayn Terma, Zemelke ve Irbin b\u00f6lgelerinde uzla\u015fmay\u0131 reddeden ter\u00f6ristlerden 1017 ter\u00f6ristin aralar\u0131nda bulundu\u011fu 4108 ki\u015fiyi ta\u015f\u0131yan 69 otob\u00fcs\u00fcn \u0130dlib\u2019e g\u00f6nderilmek \u00fczere haz\u0131r oldu\u011funu aktard\u0131."},"content":{"rendered":"<p>SANA muhabiri Do\u011fu \u011euta\u2019n\u0131n Cobar, Ayn Terma, Zemelke ve Irbin b\u00f6lgelerinde uzla\u015fmay\u0131 reddeden ter\u00f6ristlerden 1017 ter\u00f6ristin aralar\u0131nda bulundu\u011fu 4108 ki\u015fiyi ta\u015f\u0131yan 69 otob\u00fcs\u00fcn \u0130dlib\u2019e g\u00f6nderilmek \u00fczere haz\u0131r oldu\u011funu aktard\u0131.<\/p>\n","protected":false},"excerpt":{"rendered":"<p>SANA muhabiri Do\u011fu \u011euta\u2019n\u0131n Cobar, Ayn Terma, Zemelke ve Irbin b\u00f6lgelerinde uzla\u015fmay\u0131 reddeden ter\u00f6ristlerden 1017 ter\u00f6ristin aralar\u0131nda bulundu\u011fu 4108 ki\u015fiyi ta\u015f\u0131yan 69 otob\u00fcs\u00fcn \u0130dlib\u2019e g\u00f6nderilmek \u00fczere haz\u0131r oldu\u011funu aktard\u0131.<\/p>\n","protected":false},"author":1,"featured_media":0,"comment_status":"closed","ping_status":"closed","sticky":false,"template":"","format":"standard","meta":{"footnotes":""},"categories":[1],"tags":[],"class_list":["post-143314","post","type-post","status-publish","format-standard","","category-news-not-sorted"],"_links":{"self":[{"href":"https:\/\/archive.sana.sy\/tr\/index.php?rest_route=\/wp\/v2\/posts\/143314","targetHints":{"allow":["GET"]}}],"collection":[{"href":"https:\/\/archive.sana.sy\/tr\/index.php?rest_route=\/wp\/v2\/posts"}],"about":[{"href":"https:\/\/archive.sana.sy\/tr\/index.php?rest_route=\/wp\/v2\/types\/post"}],"author":[{"embeddable":true,"href":"https:\/\/archive.sana.sy\/tr\/index.php?rest_route=\/wp\/v2\/users\/1"}],"replies":[{"embeddable":true,"href":"https:\/\/archive.sana.sy\/tr\/index.php?rest_route=%2Fwp%2Fv2%2Fcomments&post=143314"}],"version-history":[{"count":0,"href":"https:\/\/archive.sana.sy\/tr\/index.php?rest_route=\/wp\/v2\/posts\/143314\/revisions"}],"wp:attachment":[{"href":"https:\/\/archive.sana.sy\/tr\/index.php?rest_route=%2Fwp%2Fv2%2Fmedia&parent=143314"}],"wp:term":[{"taxonomy":"category","embeddable":true,"href":"https:\/\/archive.sana.sy\/tr\/index.php?rest_route=%2Fwp%2Fv2%2Fcategories&post=143314"},{"taxonomy":"post_tag","embeddable":true,"href":"https:\/\/archive.sana.sy\/tr\/index.php?rest_route=%2Fwp%2Fv2%2Ftags&post=143314"}],"curies":[{"name":"wp","href":"https:\/\/api.w.org\/{rel}","templated":true}]}}