{"id":143432,"date":"2018-03-29T20:03:42","date_gmt":"2018-03-29T18:03:42","guid":{"rendered":"https:\/\/www.sana.sy\/tr\/?p=143432"},"modified":"2018-03-30T10:39:44","modified_gmt":"2018-03-30T07:39:44","slug":"dogu-guta-konusunda-asilsiz-haberler-yayildi","status":"publish","type":"post","link":"https:\/\/archive.sana.sy\/tr\/?p=143432","title":{"rendered":"Do\u011fu \u011euta Konusunda As\u0131ls\u0131z Haberler Yay\u0131ld\u0131"},"content":{"rendered":"<p>MOSKOVA \u2013 Rusya D\u0131\u015fi\u015fleri Bakan\u0131 Sergey Lavrov ba\u015fkent \u015eam k\u0131rsal\u0131n\u0131n Do\u011fu \u011euta B\u00f6lgesi ve ahalisinin radikal ter\u00f6ristlerden neredeyse tam olarak kurtar\u0131ld\u0131klar\u0131n\u0131 belirtti.<\/p>\n<p>Birle\u015fmi\u015f Milletler genel sekreterinin Suriye \u00f6zel temsilcisi Staffan de Mistura ile bug\u00fcn Moskova\u2019da bulundu\u011fu temaslar\u0131n ard\u0131ndan ortak bas\u0131n toplant\u0131s\u0131 d\u00fczenleyen Lavrov; bir k\u0131s\u0131m taraflar ve medya ara\u00e7lar\u0131n\u0131n Do\u011fu \u011euta konusunda yanl\u0131\u015f bilgiler \u00f6ne s\u00fcr\u00fcp kamuoyunu kand\u0131rd\u0131klar\u0131n\u0131 belirtti. Lavrov Do\u011fu \u011euta konusunda ger\u00e7ekle ilgisi olmayan as\u0131ls\u0131z haberler \u00f6ne s\u00fcr\u00fcld\u00fc\u011f\u00fcne dikkat \u00e7ekti.<\/p>\n<p>Lavrov Suriye&#8217;nin egemenli\u011fi ve toprak b\u00fct\u00fcnl\u00fc\u011f\u00fcn\u00fcn korunmas\u0131 gere\u011fini bir kez daha vurgularken, \u015fu ana dek ilan edilen gerilimi azaltma b\u00f6lgelerinin korunaca\u011f\u0131n\u0131, fakat bu b\u00f6lgeleri geni\u015fletme ya da say\u0131lar\u0131n\u0131 artt\u0131rma plan\u0131n\u0131n olmad\u0131\u011f\u0131n\u0131 belirtti.<\/p>\n<p>K.\u00d6.<\/p>\n","protected":false},"excerpt":{"rendered":"<p>MOSKOVA \u2013 Rusya D\u0131\u015fi\u015fleri Bakan\u0131 Sergey Lavrov ba\u015fkent \u015eam k\u0131rsal\u0131n\u0131n Do\u011fu \u011euta B\u00f6lgesi ve ahalisinin radikal ter\u00f6ristlerden neredeyse tam olarak kurtar\u0131ld\u0131klar\u0131n\u0131 belirtti. Birle\u015fmi\u015f Milletler genel sekreterinin Suriye \u00f6zel temsilcisi Staffan de Mistura ile bug\u00fcn Moskova\u2019da bulundu\u011fu temaslar\u0131n ard\u0131ndan ortak bas\u0131n toplant\u0131s\u0131 d\u00fczenleyen Lavrov; bir k\u0131s\u0131m taraflar ve medya ara\u00e7lar\u0131n\u0131n Do\u011fu \u011euta konusunda yanl\u0131\u015f bilgiler \u00f6ne &hellip;<\/p>\n","protected":false},"author":1,"featured_media":143433,"comment_status":"closed","ping_status":"closed","sticky":false,"template":"","format":"standard","meta":{"footnotes":""},"categories":[458,459,17988],"tags":[17322,29341,17036,35630,3846,16591,35629,22181],"class_list":["post-143432","post","type-post","status-publish","format-standard","has-post-thumbnail","","category-dunya1","category-haberler-arap-uluslararasi-politika","category-son-haberler","tag-dogu-guta","tag-gerilimi-azaltma-bolgeleri","tag-moskova","tag-rusya-disisleri-bakinligi","tag-sergey-lavrov","tag-suriye","tag-suriye-ozel-temsilcisi-staffan-de-mistura","tag-suriyeliler"],"_links":{"self":[{"href":"https:\/\/archive.sana.sy\/tr\/index.php?rest_route=\/wp\/v2\/posts\/143432","targetHints":{"allow":["GET"]}}],"collection":[{"href":"https:\/\/archive.sana.sy\/tr\/index.php?rest_route=\/wp\/v2\/posts"}],"about":[{"href":"https:\/\/archive.sana.sy\/tr\/index.php?rest_route=\/wp\/v2\/types\/post"}],"author":[{"embeddable":true,"href":"https:\/\/archive.sana.sy\/tr\/index.php?rest_route=\/wp\/v2\/users\/1"}],"replies":[{"embeddable":true,"href":"https:\/\/archive.sana.sy\/tr\/index.php?rest_route=%2Fwp%2Fv2%2Fcomments&post=143432"}],"version-history":[{"count":0,"href":"https:\/\/archive.sana.sy\/tr\/index.php?rest_route=\/wp\/v2\/posts\/143432\/revisions"}],"wp:featuredmedia":[{"embeddable":true,"href":"https:\/\/archive.sana.sy\/tr\/index.php?rest_route=\/wp\/v2\/media\/143433"}],"wp:attachment":[{"href":"https:\/\/archive.sana.sy\/tr\/index.php?rest_route=%2Fwp%2Fv2%2Fmedia&parent=143432"}],"wp:term":[{"taxonomy":"category","embeddable":true,"href":"https:\/\/archive.sana.sy\/tr\/index.php?rest_route=%2Fwp%2Fv2%2Fcategories&post=143432"},{"taxonomy":"post_tag","embeddable":true,"href":"https:\/\/archive.sana.sy\/tr\/index.php?rest_route=%2Fwp%2Fv2%2Ftags&post=143432"}],"curies":[{"name":"wp","href":"https:\/\/api.w.org\/{rel}","templated":true}]}}