{"id":143462,"date":"2018-03-30T13:21:01","date_gmt":"2018-03-30T10:21:01","guid":{"rendered":"https:\/\/www.sana.sy\/tr\/?p=143462"},"modified":"2018-03-31T10:13:54","modified_gmt":"2018-03-31T07:13:54","slug":"dumayi-terk-etmeleri-icin-uzlasma-saglanabilir","status":"publish","type":"post","link":"https:\/\/archive.sana.sy\/tr\/?p=143462","title":{"rendered":"Duma\u2019y\u0131 Terk Etmeleri \u0130\u00e7in Uzla\u015fma Sa\u011flanabilir"},"content":{"rendered":"<p>\u015eAM KIRSALI \u2013 SANA muhabiri \u015eam k\u0131rsal\u0131 Do\u011fu \u011euta\u2019n\u0131n Duma Kentinde bulunan \u2018Cey\u015ful \u0130slam\u2019 adl\u0131 radikal ter\u00f6r \u00f6rg\u00fct\u00fcn\u00fcn Duma\u2019y\u0131 terk edip \u0130dlib\u2019e aktar\u0131lmas\u0131 konusunda uzla\u015fman\u0131n yak\u0131n bir s\u00fcrede ya\u011flanaca\u011f\u0131na ili\u015fkin \u00f6nbilgiler mevcut oldu\u011funu aktard\u0131.<\/p>\n<p>Ordu birliklerimizin Do\u011fu \u011euta ve halk\u0131n\u0131 tamamen radikal ter\u00f6ristlerden kurtar\u0131p g\u00fcvenlik ve istikrar\u0131 sa\u011flama kapsam\u0131nda daha \u00f6nce Do\u011fu \u011euta\u2019n\u0131n geri kalan t\u00fcm belde ve k\u00f6ylerini askeri operasyonlar ya da uzla\u015fma yoluyla ter\u00f6ristleri ve ailelerini \u0130dlib\u2019e tahliye ederek kurtarm\u0131\u015flard\u0131.<\/p>\n<p>Duma\u2019da yerel kaynaklar kent ahalisinin radikal ter\u00f6ristlerin kentten \u00e7\u0131kmalar\u0131 i\u00e7in bir dizi protesto eylemi d\u00fczenlemi\u015f, ahali ile ter\u00f6ristler aras\u0131nda gerginli\u011fin ya\u015fand\u0131\u011f\u0131n\u0131 ifade etmi\u015flerdi.<\/p>\n<p>K.\u00d6.<\/p>\n<p><img loading=\"lazy\" decoding=\"async\" class=\"aligncenter wp-image-143559 size-full\" src=\"https:\/\/www.sana.sy\/tr\/wp-content\/uploads\/2018\/03\/2-141.jpg\" alt=\"\" width=\"720\" height=\"960\" srcset=\"https:\/\/archive.sana.sy\/tr\/wp-content\/uploads\/2018\/03\/2-141.jpg 720w, https:\/\/archive.sana.sy\/tr\/wp-content\/uploads\/2018\/03\/2-141-113x150.jpg 113w, https:\/\/archive.sana.sy\/tr\/wp-content\/uploads\/2018\/03\/2-141-225x300.jpg 225w\" sizes=\"auto, (max-width: 720px) 100vw, 720px\" \/><\/p>\n","protected":false},"excerpt":{"rendered":"<p>\u015eAM KIRSALI \u2013 SANA muhabiri \u015eam k\u0131rsal\u0131 Do\u011fu \u011euta\u2019n\u0131n Duma Kentinde bulunan \u2018Cey\u015ful \u0130slam\u2019 adl\u0131 radikal ter\u00f6r \u00f6rg\u00fct\u00fcn\u00fcn Duma\u2019y\u0131 terk edip \u0130dlib\u2019e aktar\u0131lmas\u0131 konusunda uzla\u015fman\u0131n yak\u0131n bir s\u00fcrede ya\u011flanaca\u011f\u0131na ili\u015fkin \u00f6nbilgiler mevcut oldu\u011funu aktard\u0131. Ordu birliklerimizin Do\u011fu \u011euta ve halk\u0131n\u0131 tamamen radikal ter\u00f6ristlerden kurtar\u0131p g\u00fcvenlik ve istikrar\u0131 sa\u011flama kapsam\u0131nda daha \u00f6nce Do\u011fu \u011euta\u2019n\u0131n geri kalan &hellip;<\/p>\n","protected":false},"author":1,"featured_media":143558,"comment_status":"closed","ping_status":"closed","sticky":false,"template":"","format":"standard","meta":{"footnotes":""},"categories":[479,575,17988,478],"tags":[],"class_list":["post-143462","post","type-post","status-publish","format-standard","has-post-thumbnail","","category-haberler-yerel","category-olaylar-ve-gercekler","category-son-haberler","category-yerel"],"_links":{"self":[{"href":"https:\/\/archive.sana.sy\/tr\/index.php?rest_route=\/wp\/v2\/posts\/143462","targetHints":{"allow":["GET"]}}],"collection":[{"href":"https:\/\/archive.sana.sy\/tr\/index.php?rest_route=\/wp\/v2\/posts"}],"about":[{"href":"https:\/\/archive.sana.sy\/tr\/index.php?rest_route=\/wp\/v2\/types\/post"}],"author":[{"embeddable":true,"href":"https:\/\/archive.sana.sy\/tr\/index.php?rest_route=\/wp\/v2\/users\/1"}],"replies":[{"embeddable":true,"href":"https:\/\/archive.sana.sy\/tr\/index.php?rest_route=%2Fwp%2Fv2%2Fcomments&post=143462"}],"version-history":[{"count":0,"href":"https:\/\/archive.sana.sy\/tr\/index.php?rest_route=\/wp\/v2\/posts\/143462\/revisions"}],"wp:featuredmedia":[{"embeddable":true,"href":"https:\/\/archive.sana.sy\/tr\/index.php?rest_route=\/wp\/v2\/media\/143558"}],"wp:attachment":[{"href":"https:\/\/archive.sana.sy\/tr\/index.php?rest_route=%2Fwp%2Fv2%2Fmedia&parent=143462"}],"wp:term":[{"taxonomy":"category","embeddable":true,"href":"https:\/\/archive.sana.sy\/tr\/index.php?rest_route=%2Fwp%2Fv2%2Fcategories&post=143462"},{"taxonomy":"post_tag","embeddable":true,"href":"https:\/\/archive.sana.sy\/tr\/index.php?rest_route=%2Fwp%2Fv2%2Ftags&post=143462"}],"curies":[{"name":"wp","href":"https:\/\/api.w.org\/{rel}","templated":true}]}}