{"id":14347,"date":"2014-11-01T15:03:40","date_gmt":"2014-11-01T13:03:40","guid":{"rendered":"http:\/\/www.sana.sy\/tr\/?p=14347"},"modified":"2014-11-01T15:03:40","modified_gmt":"2014-11-01T13:03:40","slug":"iliman-muhalifler-korkak-ve-hain-saldirilarini-surduruyor","status":"publish","type":"post","link":"https:\/\/archive.sana.sy\/tr\/?p=14347","title":{"rendered":"\u2018Il\u0131man Muhalifler\u2019 Korkak ve Hain Sald\u0131r\u0131lar\u0131n\u0131 S\u00fcrd\u00fcr\u00fcyor"},"content":{"rendered":"<p>\u015eAM KIRSALI \u2013 \u2018Il\u0131man muhalifler\u2019 olarak adland\u0131r\u0131lan gaddar ve hain ter\u00f6r \u00e7etelerinin bug\u00fcn \u015eam k\u0131rsal\u0131 Ceremana Kasabas\u0131nda sivil yerle\u015fim alanlar\u0131na havan mermileriyle sald\u0131rmalar\u0131 sonucunda aralar\u0131nda \u00e7ocuk ve kad\u0131nlar\u0131n bulundu\u011fu 13 ki\u015fi yaraland\u0131.<\/p>\n<p>\u015eam \u00c7evre Kent Emniyet M\u00fcd\u00fcrl\u00fc\u011f\u00fcnde bir kaynak SANA\u2019ya a\u00e7\u0131klamas\u0131nda; ter\u00f6ristlerin f\u0131rlatt\u0131klar\u0131 bir havan mermisinin Ceremana Kasabas\u0131n\u0131n el Cenayin Semtindeki el Raz\u0131 Hastanesi yak\u0131nlar\u0131nda d\u00fc\u015ft\u00fc\u011f\u00fcn\u00fc aktar\u0131rken korkak ve hain sald\u0131r\u0131da aralar\u0131nda \u00e7ocuk ve kad\u0131nlar\u0131n bulundu\u011fu 13 vatanda\u015f\u0131n yaraland\u0131\u011f\u0131n\u0131 belirtti. Kaynak sald\u0131r\u0131da ayr\u0131ca vatanda\u015flar\u0131n i\u015fyerleri ve ara\u00e7lar\u0131n\u0131n hasara u\u011frad\u0131\u011f\u0131n\u0131 s\u00f6zlerine ekledi.<\/p>\n","protected":false},"excerpt":{"rendered":"<p>\u015eAM KIRSALI \u2013 \u2018Il\u0131man muhalifler\u2019 olarak adland\u0131r\u0131lan gaddar ve hain ter\u00f6r \u00e7etelerinin bug\u00fcn \u015eam k\u0131rsal\u0131 Ceremana Kasabas\u0131nda sivil yerle\u015fim alanlar\u0131na havan mermileriyle sald\u0131rmalar\u0131 sonucunda aralar\u0131nda \u00e7ocuk ve kad\u0131nlar\u0131n bulundu\u011fu 13 ki\u015fi yaraland\u0131. \u015eam \u00c7evre Kent Emniyet M\u00fcd\u00fcrl\u00fc\u011f\u00fcnde bir kaynak SANA\u2019ya a\u00e7\u0131klamas\u0131nda; ter\u00f6ristlerin f\u0131rlatt\u0131klar\u0131 bir havan mermisinin Ceremana Kasabas\u0131n\u0131n el Cenayin Semtindeki el Raz\u0131 Hastanesi yak\u0131nlar\u0131nda &hellip;<\/p>\n","protected":false},"author":1,"featured_media":14348,"comment_status":"closed","ping_status":"closed","sticky":false,"template":"","format":"standard","meta":{"footnotes":""},"categories":[479,575,478],"tags":[4770],"class_list":["post-14347","post","type-post","status-publish","format-standard","has-post-thumbnail","","category-haberler-yerel","category-olaylar-ve-gercekler","category-yerel","tag-iliman-muhalifler-korkak-ve-hain-saldirilarini-surduruyor-sam-kirsali-iliman-muhalifler-olarak-adlandirilan-gaddar-ve-hain-teror-cetelerinin-bugun-sam-kir"],"_links":{"self":[{"href":"https:\/\/archive.sana.sy\/tr\/index.php?rest_route=\/wp\/v2\/posts\/14347","targetHints":{"allow":["GET"]}}],"collection":[{"href":"https:\/\/archive.sana.sy\/tr\/index.php?rest_route=\/wp\/v2\/posts"}],"about":[{"href":"https:\/\/archive.sana.sy\/tr\/index.php?rest_route=\/wp\/v2\/types\/post"}],"author":[{"embeddable":true,"href":"https:\/\/archive.sana.sy\/tr\/index.php?rest_route=\/wp\/v2\/users\/1"}],"replies":[{"embeddable":true,"href":"https:\/\/archive.sana.sy\/tr\/index.php?rest_route=%2Fwp%2Fv2%2Fcomments&post=14347"}],"version-history":[{"count":0,"href":"https:\/\/archive.sana.sy\/tr\/index.php?rest_route=\/wp\/v2\/posts\/14347\/revisions"}],"wp:featuredmedia":[{"embeddable":true,"href":"https:\/\/archive.sana.sy\/tr\/index.php?rest_route=\/wp\/v2\/media\/14348"}],"wp:attachment":[{"href":"https:\/\/archive.sana.sy\/tr\/index.php?rest_route=%2Fwp%2Fv2%2Fmedia&parent=14347"}],"wp:term":[{"taxonomy":"category","embeddable":true,"href":"https:\/\/archive.sana.sy\/tr\/index.php?rest_route=%2Fwp%2Fv2%2Fcategories&post=14347"},{"taxonomy":"post_tag","embeddable":true,"href":"https:\/\/archive.sana.sy\/tr\/index.php?rest_route=%2Fwp%2Fv2%2Ftags&post=14347"}],"curies":[{"name":"wp","href":"https:\/\/api.w.org\/{rel}","templated":true}]}}