{"id":143485,"date":"2018-03-30T10:15:30","date_gmt":"2018-03-30T07:15:30","guid":{"rendered":"https:\/\/www.sana.sy\/tr\/?p=143485"},"modified":"2018-03-31T10:13:58","modified_gmt":"2018-03-31T07:13:58","slug":"israilin-filistinlilere-saldirilarinda-3-sehit-onlarca-yarali","status":"publish","type":"post","link":"https:\/\/archive.sana.sy\/tr\/?p=143485","title":{"rendered":"\u0130srail\u2019in Filistinlilere Sald\u0131r\u0131lar\u0131nda 7 \u015eehit Y\u00fczlerce Yaral\u0131"},"content":{"rendered":"<p>KUD\u00dcS \u2013 Filistin topraklar\u0131n\u0131n Gazze Kesiminde bug\u00fcn gasp\u00e7\u0131 \u0130srail g\u00fc\u00e7lerinin a\u00e7t\u0131klar\u0131 ate\u015f sonucunda Filistinli 7 ki\u015fi \u015fehit d\u00fc\u015ferlerken, 550 ki\u015fiye yak\u0131n insan da \u00a0yaraland\u0131.<\/p>\n<p><img loading=\"lazy\" decoding=\"async\" class=\"alignright wp-image-143564 size-medium\" src=\"https:\/\/www.sana.sy\/tr\/wp-content\/uploads\/2018\/03\/2-142-300x168.jpg\" alt=\"\" width=\"300\" height=\"168\" srcset=\"https:\/\/archive.sana.sy\/tr\/wp-content\/uploads\/2018\/03\/2-142-300x168.jpg 300w, https:\/\/archive.sana.sy\/tr\/wp-content\/uploads\/2018\/03\/2-142-150x84.jpg 150w, https:\/\/archive.sana.sy\/tr\/wp-content\/uploads\/2018\/03\/2-142.jpg 660w\" sizes=\"auto, (max-width: 300px) 100vw, 300px\" \/>Filistinli Vafa Haber Ajans\u0131 Han Yunus\u2019un kuzeydo\u011fusu Karara B\u00f6lgesinde i\u015fgal g\u00fc\u00e7leri tanklar\u0131n\u0131n Filistinli gen\u00e7lerden bir grubu top ate\u015fine tuttuklar\u0131n\u0131 belirtti.<\/p>\n<p>G\u00fcn\u00fcn ilerleyen saatlerinde ise Filistinli medya ara\u00e7lar\u0131 i\u015fgalci \u0130srail g\u00fc\u00e7lerinin bug\u00fcn Toprak G\u00fcn\u00fc m\u00fcnasebetiyle d\u00fczenlenen g\u00f6sterilere canl\u0131 kur\u015fun ile ate\u015f a\u00e7malar\u0131 sonucunda \u015fehit d\u00fc\u015fen Filistinlilerin say\u0131s\u0131n\u0131n 13 \u015fehide y\u00fckseldi\u011fini aktard\u0131.<\/p>\n<p>\u0130\u015fgal g\u00fc\u00e7lerinin d\u00fcn Gazze Kesiminde Filistinlilere a\u00e7t\u0131klar\u0131 ate\u015f sonucunda 9 ki\u015fi yaralanm\u0131\u015flard\u0131.<\/p>\n","protected":false},"excerpt":{"rendered":"<p>KUD\u00dcS \u2013 Filistin topraklar\u0131n\u0131n Gazze Kesiminde bug\u00fcn gasp\u00e7\u0131 \u0130srail g\u00fc\u00e7lerinin a\u00e7t\u0131klar\u0131 ate\u015f sonucunda Filistinli 7 ki\u015fi \u015fehit d\u00fc\u015ferlerken, 550 ki\u015fiye yak\u0131n insan da \u00a0yaraland\u0131. Filistinli Vafa Haber Ajans\u0131 Han Yunus\u2019un kuzeydo\u011fusu Karara B\u00f6lgesinde i\u015fgal g\u00fc\u00e7leri tanklar\u0131n\u0131n Filistinli gen\u00e7lerden bir grubu top ate\u015fine tuttuklar\u0131n\u0131 belirtti. G\u00fcn\u00fcn ilerleyen saatlerinde ise Filistinli medya ara\u00e7lar\u0131 i\u015fgalci \u0130srail g\u00fc\u00e7lerinin bug\u00fcn &hellip;<\/p>\n","protected":false},"author":1,"featured_media":143562,"comment_status":"closed","ping_status":"closed","sticky":false,"template":"","format":"standard","meta":{"footnotes":""},"categories":[458,459,17988],"tags":[35642,35639,17405,35641,35640,16612],"class_list":["post-143485","post","type-post","status-publish","format-standard","has-post-thumbnail","","category-dunya1","category-haberler-arap-uluslararasi-politika","category-son-haberler","tag-54-kisi-de-yaralandi","tag-filistin-topraklari","tag-filistinli","tag-gaspci-israil-gucleri","tag-gazze-kesiminde","tag-sehit"],"_links":{"self":[{"href":"https:\/\/archive.sana.sy\/tr\/index.php?rest_route=\/wp\/v2\/posts\/143485","targetHints":{"allow":["GET"]}}],"collection":[{"href":"https:\/\/archive.sana.sy\/tr\/index.php?rest_route=\/wp\/v2\/posts"}],"about":[{"href":"https:\/\/archive.sana.sy\/tr\/index.php?rest_route=\/wp\/v2\/types\/post"}],"author":[{"embeddable":true,"href":"https:\/\/archive.sana.sy\/tr\/index.php?rest_route=\/wp\/v2\/users\/1"}],"replies":[{"embeddable":true,"href":"https:\/\/archive.sana.sy\/tr\/index.php?rest_route=%2Fwp%2Fv2%2Fcomments&post=143485"}],"version-history":[{"count":0,"href":"https:\/\/archive.sana.sy\/tr\/index.php?rest_route=\/wp\/v2\/posts\/143485\/revisions"}],"wp:featuredmedia":[{"embeddable":true,"href":"https:\/\/archive.sana.sy\/tr\/index.php?rest_route=\/wp\/v2\/media\/143562"}],"wp:attachment":[{"href":"https:\/\/archive.sana.sy\/tr\/index.php?rest_route=%2Fwp%2Fv2%2Fmedia&parent=143485"}],"wp:term":[{"taxonomy":"category","embeddable":true,"href":"https:\/\/archive.sana.sy\/tr\/index.php?rest_route=%2Fwp%2Fv2%2Fcategories&post=143485"},{"taxonomy":"post_tag","embeddable":true,"href":"https:\/\/archive.sana.sy\/tr\/index.php?rest_route=%2Fwp%2Fv2%2Ftags&post=143485"}],"curies":[{"name":"wp","href":"https:\/\/api.w.org\/{rel}","templated":true}]}}