{"id":143488,"date":"2018-03-30T14:20:22","date_gmt":"2018-03-30T11:20:22","guid":{"rendered":"https:\/\/www.sana.sy\/tr\/?p=143488"},"modified":"2018-03-30T14:20:22","modified_gmt":"2018-03-30T11:20:22","slug":"sana-muhabiri-sam-kirsali-dogu-gutanin-ayn-terma-ahalisine-gida-ve-tuketim-maddeleri-tasiyan-insani-yardim-konvoyunun-yani-sira-mobil-poliklinik-ve-saglik-ekipleri-ulastirildigini-belirtti","status":"publish","type":"post","link":"https:\/\/archive.sana.sy\/tr\/?p=143488","title":{"rendered":"SANA muhabiri \u015eam k\u0131rsal\u0131 Do\u011fu \u011euta\u2019n\u0131n Ayn Terma ahalisine g\u0131da ve t\u00fcketim maddeleri ta\u015f\u0131yan insani yard\u0131m konvoyunun yan\u0131 s\u0131ra mobil poliklinik ve sa\u011fl\u0131k ekipleri ula\u015ft\u0131r\u0131ld\u0131\u011f\u0131n\u0131 belirtti"},"content":{"rendered":"<p>SANA muhabiri \u015eam k\u0131rsal\u0131 Do\u011fu \u011euta\u2019n\u0131n Ayn Terma ahalisine g\u0131da ve t\u00fcketim maddeleri ta\u015f\u0131yan insani yard\u0131m konvoyunun yan\u0131 s\u0131ra mobil poliklinik ve sa\u011fl\u0131k ekipleri ula\u015ft\u0131r\u0131ld\u0131\u011f\u0131n\u0131 belirtti<\/p>\n","protected":false},"excerpt":{"rendered":"<p>SANA muhabiri \u015eam k\u0131rsal\u0131 Do\u011fu \u011euta\u2019n\u0131n Ayn Terma ahalisine g\u0131da ve t\u00fcketim maddeleri ta\u015f\u0131yan insani yard\u0131m konvoyunun yan\u0131 s\u0131ra mobil poliklinik ve sa\u011fl\u0131k ekipleri ula\u015ft\u0131r\u0131ld\u0131\u011f\u0131n\u0131 belirtti<\/p>\n","protected":false},"author":1,"featured_media":0,"comment_status":"closed","ping_status":"closed","sticky":false,"template":"","format":"standard","meta":{"footnotes":""},"categories":[17991],"tags":[],"class_list":["post-143488","post","type-post","status-publish","format-standard","","category-son-dakika"],"_links":{"self":[{"href":"https:\/\/archive.sana.sy\/tr\/index.php?rest_route=\/wp\/v2\/posts\/143488","targetHints":{"allow":["GET"]}}],"collection":[{"href":"https:\/\/archive.sana.sy\/tr\/index.php?rest_route=\/wp\/v2\/posts"}],"about":[{"href":"https:\/\/archive.sana.sy\/tr\/index.php?rest_route=\/wp\/v2\/types\/post"}],"author":[{"embeddable":true,"href":"https:\/\/archive.sana.sy\/tr\/index.php?rest_route=\/wp\/v2\/users\/1"}],"replies":[{"embeddable":true,"href":"https:\/\/archive.sana.sy\/tr\/index.php?rest_route=%2Fwp%2Fv2%2Fcomments&post=143488"}],"version-history":[{"count":0,"href":"https:\/\/archive.sana.sy\/tr\/index.php?rest_route=\/wp\/v2\/posts\/143488\/revisions"}],"wp:attachment":[{"href":"https:\/\/archive.sana.sy\/tr\/index.php?rest_route=%2Fwp%2Fv2%2Fmedia&parent=143488"}],"wp:term":[{"taxonomy":"category","embeddable":true,"href":"https:\/\/archive.sana.sy\/tr\/index.php?rest_route=%2Fwp%2Fv2%2Fcategories&post=143488"},{"taxonomy":"post_tag","embeddable":true,"href":"https:\/\/archive.sana.sy\/tr\/index.php?rest_route=%2Fwp%2Fv2%2Ftags&post=143488"}],"curies":[{"name":"wp","href":"https:\/\/api.w.org\/{rel}","templated":true}]}}