{"id":143497,"date":"2018-03-30T14:28:33","date_gmt":"2018-03-30T11:28:33","guid":{"rendered":"https:\/\/www.sana.sy\/tr\/?p=143497"},"modified":"2018-03-30T14:28:33","modified_gmt":"2018-03-30T11:28:33","slug":"dogu-gutada-teror-cehenneminden-kurtulan-sivil-vatandaslar-teroristlerin-yillardir-yasattiklari-aci-ve-istiraplari-anlatiyor","status":"publish","type":"post","link":"https:\/\/archive.sana.sy\/tr\/?p=143497","title":{"rendered":"Do\u011fu \u011euta\u2019da ter\u00f6r cehenneminden kurtulan sivil vatanda\u015flar ter\u00f6ristlerin y\u0131llard\u0131r ya\u015fatt\u0131klar\u0131 ac\u0131 ve \u0131st\u0131raplar\u0131 anlat\u0131yor"},"content":{"rendered":"<p>Do\u011fu \u011euta\u2019da ter\u00f6r cehenneminden kurtulan sivil vatanda\u015flar ter\u00f6ristlerin y\u0131llard\u0131r ya\u015fatt\u0131klar\u0131 ac\u0131 ve \u0131st\u0131raplar\u0131 anlat\u0131yor<\/p>\n<p>https:\/\/www.youtube.com\/watch?v=pFkonR256og<\/p>\n","protected":false},"excerpt":{"rendered":"<p>Do\u011fu \u011euta\u2019da ter\u00f6r cehenneminden kurtulan sivil vatanda\u015flar ter\u00f6ristlerin y\u0131llard\u0131r ya\u015fatt\u0131klar\u0131 ac\u0131 ve \u0131st\u0131raplar\u0131 anlat\u0131yor https:\/\/www.youtube.com\/watch?v=pFkonR256og<\/p>\n","protected":false},"author":1,"featured_media":143525,"comment_status":"closed","ping_status":"closed","sticky":false,"template":"","format":"standard","meta":{"footnotes":""},"categories":[18295],"tags":[],"class_list":["post-143497","post","type-post","status-publish","format-standard","has-post-thumbnail","","category-sana-video"],"_links":{"self":[{"href":"https:\/\/archive.sana.sy\/tr\/index.php?rest_route=\/wp\/v2\/posts\/143497","targetHints":{"allow":["GET"]}}],"collection":[{"href":"https:\/\/archive.sana.sy\/tr\/index.php?rest_route=\/wp\/v2\/posts"}],"about":[{"href":"https:\/\/archive.sana.sy\/tr\/index.php?rest_route=\/wp\/v2\/types\/post"}],"author":[{"embeddable":true,"href":"https:\/\/archive.sana.sy\/tr\/index.php?rest_route=\/wp\/v2\/users\/1"}],"replies":[{"embeddable":true,"href":"https:\/\/archive.sana.sy\/tr\/index.php?rest_route=%2Fwp%2Fv2%2Fcomments&post=143497"}],"version-history":[{"count":0,"href":"https:\/\/archive.sana.sy\/tr\/index.php?rest_route=\/wp\/v2\/posts\/143497\/revisions"}],"wp:featuredmedia":[{"embeddable":true,"href":"https:\/\/archive.sana.sy\/tr\/index.php?rest_route=\/wp\/v2\/media\/143525"}],"wp:attachment":[{"href":"https:\/\/archive.sana.sy\/tr\/index.php?rest_route=%2Fwp%2Fv2%2Fmedia&parent=143497"}],"wp:term":[{"taxonomy":"category","embeddable":true,"href":"https:\/\/archive.sana.sy\/tr\/index.php?rest_route=%2Fwp%2Fv2%2Fcategories&post=143497"},{"taxonomy":"post_tag","embeddable":true,"href":"https:\/\/archive.sana.sy\/tr\/index.php?rest_route=%2Fwp%2Fv2%2Ftags&post=143497"}],"curies":[{"name":"wp","href":"https:\/\/api.w.org\/{rel}","templated":true}]}}