{"id":143515,"date":"2018-03-31T08:00:02","date_gmt":"2018-03-31T05:00:02","guid":{"rendered":"https:\/\/www.sana.sy\/tr\/?p=143515"},"modified":"2018-03-30T14:36:54","modified_gmt":"2018-03-30T11:36:54","slug":"ulusal-senfoni-orkestrasi-buyuk-muzisyen-suheyl-arafanin-vefat-yildonumunu-andi","status":"publish","type":"post","link":"https:\/\/archive.sana.sy\/tr\/?p=143515","title":{"rendered":"Ulusal Senfoni Orkestras\u0131 b\u00fcy\u00fck m\u00fczisyen S\u00fcheyl Arafa\u2019n\u0131n vefat y\u0131ld\u00f6n\u00fcm\u00fcn\u00fc and\u0131"},"content":{"rendered":"<p>Ulusal Senfoni Orkestras\u0131 b\u00fcy\u00fck m\u00fczisyen S\u00fcheyl Arafa\u2019n\u0131n vefat y\u0131ld\u00f6n\u00fcm\u00fcn\u00fc and\u0131<\/p>\n<p>https:\/\/www.youtube.com\/watch?v=CJ1zN3t8v6E<\/p>\n","protected":false},"excerpt":{"rendered":"<p>Ulusal Senfoni Orkestras\u0131 b\u00fcy\u00fck m\u00fczisyen S\u00fcheyl Arafa\u2019n\u0131n vefat y\u0131ld\u00f6n\u00fcm\u00fcn\u00fc and\u0131 https:\/\/www.youtube.com\/watch?v=CJ1zN3t8v6E<\/p>\n","protected":false},"author":1,"featured_media":143540,"comment_status":"closed","ping_status":"closed","sticky":false,"template":"","format":"standard","meta":{"footnotes":""},"categories":[18295],"tags":[],"class_list":["post-143515","post","type-post","status-publish","format-standard","has-post-thumbnail","","category-sana-video"],"_links":{"self":[{"href":"https:\/\/archive.sana.sy\/tr\/index.php?rest_route=\/wp\/v2\/posts\/143515","targetHints":{"allow":["GET"]}}],"collection":[{"href":"https:\/\/archive.sana.sy\/tr\/index.php?rest_route=\/wp\/v2\/posts"}],"about":[{"href":"https:\/\/archive.sana.sy\/tr\/index.php?rest_route=\/wp\/v2\/types\/post"}],"author":[{"embeddable":true,"href":"https:\/\/archive.sana.sy\/tr\/index.php?rest_route=\/wp\/v2\/users\/1"}],"replies":[{"embeddable":true,"href":"https:\/\/archive.sana.sy\/tr\/index.php?rest_route=%2Fwp%2Fv2%2Fcomments&post=143515"}],"version-history":[{"count":0,"href":"https:\/\/archive.sana.sy\/tr\/index.php?rest_route=\/wp\/v2\/posts\/143515\/revisions"}],"wp:featuredmedia":[{"embeddable":true,"href":"https:\/\/archive.sana.sy\/tr\/index.php?rest_route=\/wp\/v2\/media\/143540"}],"wp:attachment":[{"href":"https:\/\/archive.sana.sy\/tr\/index.php?rest_route=%2Fwp%2Fv2%2Fmedia&parent=143515"}],"wp:term":[{"taxonomy":"category","embeddable":true,"href":"https:\/\/archive.sana.sy\/tr\/index.php?rest_route=%2Fwp%2Fv2%2Fcategories&post=143515"},{"taxonomy":"post_tag","embeddable":true,"href":"https:\/\/archive.sana.sy\/tr\/index.php?rest_route=%2Fwp%2Fv2%2Ftags&post=143515"}],"curies":[{"name":"wp","href":"https:\/\/api.w.org\/{rel}","templated":true}]}}