{"id":14357,"date":"2014-11-01T16:02:08","date_gmt":"2014-11-01T14:02:08","guid":{"rendered":"http:\/\/www.sana.sy\/tr\/?p=14357"},"modified":"2014-11-02T15:23:12","modified_gmt":"2014-11-02T13:23:12","slug":"tifor-havalimaninda-gorev-normal-seyrinde","status":"publish","type":"post","link":"https:\/\/archive.sana.sy\/tr\/?p=14357","title":{"rendered":"Tifor Havaliman\u0131nda G\u00f6rev Normal Seyrinde"},"content":{"rendered":"<p>HOMS \u2013 Homs iline tabi Tedmur B\u00f6lgesinde Tifor Askeri Havaliman\u0131ndan askeri bir kaynak; havaliman\u0131nda g\u00f6rev ve \u00e7al\u0131\u015fmalar\u0131n normal seyrinde oldu\u011funu belirtti.<\/p>\n<p>Kaynak Havaliman\u0131n\u0131n vatan\u0131 savunmada \u00fcst\u00fcne d\u00fc\u015fen misyonu yerine getirmede al\u0131\u015f\u0131la geldi\u011fi gibi tam bir haz\u0131rl\u0131k i\u00e7inde oldu\u011funu, ya\u015fam ve g\u00f6rev seyrinin gayet normal oldu\u011funu vurgulad\u0131.<\/p>\n<p>Suriye ve halk\u0131na d\u00fc\u015fman medya kaynaklar\u0131 ve uydu kanallar\u0131n\u0131n yan\u0131 s\u0131ra kimi sosyal payla\u015f\u0131m sayfalar\u0131nda \u2018I\u015e\u0130D tekfircilerinin ana giri\u015f kap\u0131s\u0131nda bombal\u0131 bir arac\u0131 havaya u\u00e7urmalar\u0131 ard\u0131ndan havaliman\u0131n\u0131 ele ge\u00e7irdikleri\u2019 konusunda ortaya koyduklar\u0131 t\u00fcm haber ve spek\u00fclasyonlar\u0131n hi\u00e7bir asl\u0131 ger\u00e7e\u011fi olmad\u0131\u011f\u0131n\u0131 vurgulayan kaynak; bu gibi spek\u00fclasyonlardan ama\u00e7 ve niyetin malum oldu\u011funu ifade etti.<\/p>\n<p>Bu arada I\u015e\u0130D tekfircileri Havaliman\u0131na sald\u0131r\u0131 giri\u015fiminde I\u015e\u0130D\u2019li intihar eylemcisi bir ter\u00f6rist \u00a0bombal\u0131 bir ara\u00e7la havaliman\u0131n\u0131n ana giri\u015fine yakla\u015fmaya \u00e7al\u0131\u015f\u0131rken ordu birliklerimiz arac\u0131 hedefe ula\u015fmadan uzun bir mesafe \u00f6nce havaya u\u00e7urmu\u015ftu.<\/p>\n","protected":false},"excerpt":{"rendered":"<p>HOMS \u2013 Homs iline tabi Tedmur B\u00f6lgesinde Tifor Askeri Havaliman\u0131ndan askeri bir kaynak; havaliman\u0131nda g\u00f6rev ve \u00e7al\u0131\u015fmalar\u0131n normal seyrinde oldu\u011funu belirtti. Kaynak Havaliman\u0131n\u0131n vatan\u0131 savunmada \u00fcst\u00fcne d\u00fc\u015fen misyonu yerine getirmede al\u0131\u015f\u0131la geldi\u011fi gibi tam bir haz\u0131rl\u0131k i\u00e7inde oldu\u011funu, ya\u015fam ve g\u00f6rev seyrinin gayet normal oldu\u011funu vurgulad\u0131. Suriye ve halk\u0131na d\u00fc\u015fman medya kaynaklar\u0131 ve uydu kanallar\u0131n\u0131n &hellip;<\/p>\n","protected":false},"author":1,"featured_media":14358,"comment_status":"closed","ping_status":"closed","sticky":false,"template":"","format":"standard","meta":{"footnotes":""},"categories":[575],"tags":[4776,4777],"class_list":["post-14357","post","type-post","status-publish","format-standard","has-post-thumbnail","","category-olaylar-ve-gercekler","tag-tifor-havalimaninda-gorev-normal-seyrinde-homs-homs-iline-tabi-tedmur-bolgesinde-tifor-askeri-havalimanindan-askeri-bir-kaynak-havalimaninda-gorev-ve-calismalarin-normal-seyrinde-oldugunu-b","tag-yasam-ve-gorev-seyrinin-gayet-normal-oldugunu-vurguladi-suriye-ve-halkina-dusman-medya-kaynaklari-ve-uydu-kanallarinin-yani-sira-kimi-sosyal-paylasim-sayfalarinda-isid-tekfircilerinin-ana-gi"],"_links":{"self":[{"href":"https:\/\/archive.sana.sy\/tr\/index.php?rest_route=\/wp\/v2\/posts\/14357","targetHints":{"allow":["GET"]}}],"collection":[{"href":"https:\/\/archive.sana.sy\/tr\/index.php?rest_route=\/wp\/v2\/posts"}],"about":[{"href":"https:\/\/archive.sana.sy\/tr\/index.php?rest_route=\/wp\/v2\/types\/post"}],"author":[{"embeddable":true,"href":"https:\/\/archive.sana.sy\/tr\/index.php?rest_route=\/wp\/v2\/users\/1"}],"replies":[{"embeddable":true,"href":"https:\/\/archive.sana.sy\/tr\/index.php?rest_route=%2Fwp%2Fv2%2Fcomments&post=14357"}],"version-history":[{"count":0,"href":"https:\/\/archive.sana.sy\/tr\/index.php?rest_route=\/wp\/v2\/posts\/14357\/revisions"}],"wp:featuredmedia":[{"embeddable":true,"href":"https:\/\/archive.sana.sy\/tr\/index.php?rest_route=\/wp\/v2\/media\/14358"}],"wp:attachment":[{"href":"https:\/\/archive.sana.sy\/tr\/index.php?rest_route=%2Fwp%2Fv2%2Fmedia&parent=14357"}],"wp:term":[{"taxonomy":"category","embeddable":true,"href":"https:\/\/archive.sana.sy\/tr\/index.php?rest_route=%2Fwp%2Fv2%2Fcategories&post=14357"},{"taxonomy":"post_tag","embeddable":true,"href":"https:\/\/archive.sana.sy\/tr\/index.php?rest_route=%2Fwp%2Fv2%2Ftags&post=14357"}],"curies":[{"name":"wp","href":"https:\/\/api.w.org\/{rel}","templated":true}]}}