{"id":143580,"date":"2018-03-30T18:55:59","date_gmt":"2018-03-30T15:55:59","guid":{"rendered":"https:\/\/www.sana.sy\/tr\/?p=143580"},"modified":"2018-03-31T10:18:52","modified_gmt":"2018-03-31T07:18:52","slug":"ayn-termaya-gida-ve-tibbi-yardim-ulastirildi","status":"publish","type":"post","link":"https:\/\/archive.sana.sy\/tr\/?p=143580","title":{"rendered":"Ayn Terma\u2019ya G\u0131da ve T\u0131bbi Yard\u0131m Ula\u015ft\u0131r\u0131ld\u0131"},"content":{"rendered":"<p>\u015eAM KIRSALI \u2013 Ordu birliklerimizin \u015eam k\u0131rsal\u0131 Do\u011fu \u011euta\u2019da radikal ter\u00f6ristlerden kurtard\u0131klar\u0131 Ayn Terma Beldesi ahalisine muhtelif t\u00fcr g\u0131da ve t\u0131bbi yard\u0131mlar g\u00f6nderildi.<\/p>\n<p><a href=\"https:\/\/www.sana.sy\/tr\/wp-content\/uploads\/2018\/03\/DSC_5476.jpg\"><img loading=\"lazy\" decoding=\"async\" class=\"alignright wp-image-143584 size-medium\" src=\"https:\/\/www.sana.sy\/tr\/wp-content\/uploads\/2018\/03\/DSC_5476-300x200.jpg\" alt=\"\" width=\"300\" height=\"200\" srcset=\"https:\/\/archive.sana.sy\/tr\/wp-content\/uploads\/2018\/03\/DSC_5476-300x200.jpg 300w, https:\/\/archive.sana.sy\/tr\/wp-content\/uploads\/2018\/03\/DSC_5476-150x100.jpg 150w, https:\/\/archive.sana.sy\/tr\/wp-content\/uploads\/2018\/03\/DSC_5476-768x511.jpg 768w, https:\/\/archive.sana.sy\/tr\/wp-content\/uploads\/2018\/03\/DSC_5476-1024x681.jpg 1024w\" sizes=\"auto, (max-width: 300px) 100vw, 300px\" \/><\/a>SANA muhabiri g\u0131da ve muhtelif t\u00fcr t\u00fcketim maddeleri y\u00fckl\u00fc 12 kamyonun yan\u0131 s\u0131ra mobil poliklinik ve sa\u011fl\u0131k ekiplerinin bug\u00fcn beldeye girdiklerini ifade etti. \u0130nsani yard\u0131mlar\u0131n belde ahalisine da\u011f\u0131t\u0131lmaya ba\u015fland\u0131\u011f\u0131n\u0131 ifade eden muhabir; sa\u011fl\u0131k ekipleri ve mobil poliklini\u011fin de derhal vatanda\u015flara t\u0131bbi yard\u0131mlar sunmaya ba\u015flad\u0131klar\u0131n\u0131 kaydetti.<\/p>\n<p>Belde ahalisi kendilerini y\u0131llard\u0131r ya\u015fad\u0131klar\u0131 ter\u00f6r cehenneminden kurtaran ordu birliklerimize takdir ve sevgilerini ifade ederlerken, radikal ter\u00f6ristlerin y\u0131llard\u0131r mallar\u0131n\u0131 ve kendilerine g\u00f6nderilen insani yard\u0131mlar\u0131 gasp ettiklerini ifade ettiler.<\/p>\n<p>Vatanda\u015flar ordu birliklerimizin beldeye girmeleriyle onur ve kerametlerini yeniden kazand\u0131klar\u0131n\u0131, ter\u00f6ristlerin gasp ve sald\u0131r\u0131ndan kurtulduklar\u0131n\u0131 kaydettiler.<\/p>\n<p>K.\u00d6.<\/p>\n<div id='gallery-1' class='gallery galleryid-143580 gallery-columns-4 gallery-size-thumbnail'><figure class='gallery-item'>\n\t\t\t<div class='gallery-icon landscape'>\n\t\t\t\t<a href='https:\/\/archive.sana.sy\/tr\/wp-content\/uploads\/2018\/03\/DSC_5473.jpg'><img loading=\"lazy\" decoding=\"async\" width=\"150\" height=\"100\" src=\"https:\/\/archive.sana.sy\/tr\/wp-content\/uploads\/2018\/03\/DSC_5473-150x100.jpg\" class=\"attachment-thumbnail size-thumbnail\" alt=\"\" srcset=\"https:\/\/archive.sana.sy\/tr\/wp-content\/uploads\/2018\/03\/DSC_5473-150x100.jpg 150w, https:\/\/archive.sana.sy\/tr\/wp-content\/uploads\/2018\/03\/DSC_5473-300x200.jpg 300w, https:\/\/archive.sana.sy\/tr\/wp-content\/uploads\/2018\/03\/DSC_5473-768x511.jpg 768w, https:\/\/archive.sana.sy\/tr\/wp-content\/uploads\/2018\/03\/DSC_5473-1024x681.jpg 1024w, https:\/\/archive.sana.sy\/tr\/wp-content\/uploads\/2018\/03\/DSC_5473-310x205.jpg 310w\" sizes=\"auto, (max-width: 150px) 100vw, 150px\" \/><\/a>\n\t\t\t<\/div><\/figure><figure class='gallery-item'>\n\t\t\t<div class='gallery-icon landscape'>\n\t\t\t\t<a href='https:\/\/archive.sana.sy\/tr\/wp-content\/uploads\/2018\/03\/DSC_5457.jpg'><img loading=\"lazy\" decoding=\"async\" width=\"150\" height=\"100\" src=\"https:\/\/archive.sana.sy\/tr\/wp-content\/uploads\/2018\/03\/DSC_5457-150x100.jpg\" class=\"attachment-thumbnail size-thumbnail\" alt=\"\" srcset=\"https:\/\/archive.sana.sy\/tr\/wp-content\/uploads\/2018\/03\/DSC_5457-150x100.jpg 150w, https:\/\/archive.sana.sy\/tr\/wp-content\/uploads\/2018\/03\/DSC_5457-300x200.jpg 300w, https:\/\/archive.sana.sy\/tr\/wp-content\/uploads\/2018\/03\/DSC_5457-768x511.jpg 768w, https:\/\/archive.sana.sy\/tr\/wp-content\/uploads\/2018\/03\/DSC_5457-1024x681.jpg 1024w, https:\/\/archive.sana.sy\/tr\/wp-content\/uploads\/2018\/03\/DSC_5457-310x205.jpg 310w\" sizes=\"auto, (max-width: 150px) 100vw, 150px\" \/><\/a>\n\t\t\t<\/div><\/figure><figure class='gallery-item'>\n\t\t\t<div class='gallery-icon landscape'>\n\t\t\t\t<a href='https:\/\/archive.sana.sy\/tr\/wp-content\/uploads\/2018\/03\/DSC_5441.jpg'><img loading=\"lazy\" decoding=\"async\" width=\"150\" height=\"100\" src=\"https:\/\/archive.sana.sy\/tr\/wp-content\/uploads\/2018\/03\/DSC_5441-150x100.jpg\" class=\"attachment-thumbnail size-thumbnail\" alt=\"\" srcset=\"https:\/\/archive.sana.sy\/tr\/wp-content\/uploads\/2018\/03\/DSC_5441-150x100.jpg 150w, https:\/\/archive.sana.sy\/tr\/wp-content\/uploads\/2018\/03\/DSC_5441-300x200.jpg 300w, https:\/\/archive.sana.sy\/tr\/wp-content\/uploads\/2018\/03\/DSC_5441-768x511.jpg 768w, https:\/\/archive.sana.sy\/tr\/wp-content\/uploads\/2018\/03\/DSC_5441-1024x681.jpg 1024w, https:\/\/archive.sana.sy\/tr\/wp-content\/uploads\/2018\/03\/DSC_5441-310x205.jpg 310w\" sizes=\"auto, (max-width: 150px) 100vw, 150px\" \/><\/a>\n\t\t\t<\/div><\/figure><figure class='gallery-item'>\n\t\t\t<div class='gallery-icon landscape'>\n\t\t\t\t<a href='https:\/\/archive.sana.sy\/tr\/wp-content\/uploads\/2018\/03\/DSC_5407.jpg'><img loading=\"lazy\" decoding=\"async\" width=\"150\" height=\"100\" src=\"https:\/\/archive.sana.sy\/tr\/wp-content\/uploads\/2018\/03\/DSC_5407-150x100.jpg\" class=\"attachment-thumbnail size-thumbnail\" alt=\"\" srcset=\"https:\/\/archive.sana.sy\/tr\/wp-content\/uploads\/2018\/03\/DSC_5407-150x100.jpg 150w, https:\/\/archive.sana.sy\/tr\/wp-content\/uploads\/2018\/03\/DSC_5407-300x200.jpg 300w, https:\/\/archive.sana.sy\/tr\/wp-content\/uploads\/2018\/03\/DSC_5407-768x511.jpg 768w, https:\/\/archive.sana.sy\/tr\/wp-content\/uploads\/2018\/03\/DSC_5407-1024x681.jpg 1024w, https:\/\/archive.sana.sy\/tr\/wp-content\/uploads\/2018\/03\/DSC_5407-310x205.jpg 310w\" sizes=\"auto, (max-width: 150px) 100vw, 150px\" \/><\/a>\n\t\t\t<\/div><\/figure><figure class='gallery-item'>\n\t\t\t<div class='gallery-icon landscape'>\n\t\t\t\t<a href='https:\/\/archive.sana.sy\/tr\/wp-content\/uploads\/2018\/03\/DSC_5565.jpg'><img loading=\"lazy\" decoding=\"async\" width=\"150\" height=\"100\" src=\"https:\/\/archive.sana.sy\/tr\/wp-content\/uploads\/2018\/03\/DSC_5565-150x100.jpg\" class=\"attachment-thumbnail size-thumbnail\" alt=\"\" srcset=\"https:\/\/archive.sana.sy\/tr\/wp-content\/uploads\/2018\/03\/DSC_5565-150x100.jpg 150w, https:\/\/archive.sana.sy\/tr\/wp-content\/uploads\/2018\/03\/DSC_5565-300x200.jpg 300w, https:\/\/archive.sana.sy\/tr\/wp-content\/uploads\/2018\/03\/DSC_5565-768x511.jpg 768w, https:\/\/archive.sana.sy\/tr\/wp-content\/uploads\/2018\/03\/DSC_5565-1024x681.jpg 1024w, https:\/\/archive.sana.sy\/tr\/wp-content\/uploads\/2018\/03\/DSC_5565-310x205.jpg 310w\" sizes=\"auto, (max-width: 150px) 100vw, 150px\" \/><\/a>\n\t\t\t<\/div><\/figure><figure class='gallery-item'>\n\t\t\t<div class='gallery-icon landscape'>\n\t\t\t\t<a href='https:\/\/archive.sana.sy\/tr\/wp-content\/uploads\/2018\/03\/DSC_5543.jpg'><img loading=\"lazy\" decoding=\"async\" width=\"150\" height=\"100\" src=\"https:\/\/archive.sana.sy\/tr\/wp-content\/uploads\/2018\/03\/DSC_5543-150x100.jpg\" class=\"attachment-thumbnail size-thumbnail\" alt=\"\" srcset=\"https:\/\/archive.sana.sy\/tr\/wp-content\/uploads\/2018\/03\/DSC_5543-150x100.jpg 150w, https:\/\/archive.sana.sy\/tr\/wp-content\/uploads\/2018\/03\/DSC_5543-300x200.jpg 300w, https:\/\/archive.sana.sy\/tr\/wp-content\/uploads\/2018\/03\/DSC_5543-768x511.jpg 768w, https:\/\/archive.sana.sy\/tr\/wp-content\/uploads\/2018\/03\/DSC_5543-1024x681.jpg 1024w, https:\/\/archive.sana.sy\/tr\/wp-content\/uploads\/2018\/03\/DSC_5543-310x205.jpg 310w\" sizes=\"auto, (max-width: 150px) 100vw, 150px\" \/><\/a>\n\t\t\t<\/div><\/figure><figure class='gallery-item'>\n\t\t\t<div class='gallery-icon landscape'>\n\t\t\t\t<a href='https:\/\/archive.sana.sy\/tr\/wp-content\/uploads\/2018\/03\/DSC_5529.jpg'><img loading=\"lazy\" decoding=\"async\" width=\"150\" height=\"100\" src=\"https:\/\/archive.sana.sy\/tr\/wp-content\/uploads\/2018\/03\/DSC_5529-150x100.jpg\" class=\"attachment-thumbnail size-thumbnail\" alt=\"\" srcset=\"https:\/\/archive.sana.sy\/tr\/wp-content\/uploads\/2018\/03\/DSC_5529-150x100.jpg 150w, https:\/\/archive.sana.sy\/tr\/wp-content\/uploads\/2018\/03\/DSC_5529-300x200.jpg 300w, https:\/\/archive.sana.sy\/tr\/wp-content\/uploads\/2018\/03\/DSC_5529-768x511.jpg 768w, https:\/\/archive.sana.sy\/tr\/wp-content\/uploads\/2018\/03\/DSC_5529-1024x681.jpg 1024w, https:\/\/archive.sana.sy\/tr\/wp-content\/uploads\/2018\/03\/DSC_5529-310x205.jpg 310w\" sizes=\"auto, (max-width: 150px) 100vw, 150px\" \/><\/a>\n\t\t\t<\/div><\/figure><figure class='gallery-item'>\n\t\t\t<div class='gallery-icon landscape'>\n\t\t\t\t<a href='https:\/\/archive.sana.sy\/tr\/wp-content\/uploads\/2018\/03\/DSC_5554.jpg'><img loading=\"lazy\" decoding=\"async\" width=\"150\" height=\"100\" src=\"https:\/\/archive.sana.sy\/tr\/wp-content\/uploads\/2018\/03\/DSC_5554-150x100.jpg\" class=\"attachment-thumbnail size-thumbnail\" alt=\"\" srcset=\"https:\/\/archive.sana.sy\/tr\/wp-content\/uploads\/2018\/03\/DSC_5554-150x100.jpg 150w, https:\/\/archive.sana.sy\/tr\/wp-content\/uploads\/2018\/03\/DSC_5554-300x200.jpg 300w, https:\/\/archive.sana.sy\/tr\/wp-content\/uploads\/2018\/03\/DSC_5554-768x511.jpg 768w, https:\/\/archive.sana.sy\/tr\/wp-content\/uploads\/2018\/03\/DSC_5554-1024x681.jpg 1024w, https:\/\/archive.sana.sy\/tr\/wp-content\/uploads\/2018\/03\/DSC_5554-310x205.jpg 310w\" sizes=\"auto, (max-width: 150px) 100vw, 150px\" \/><\/a>\n\t\t\t<\/div><\/figure>\n\t\t<\/div>\n\n<p>https:\/\/www.youtube.com\/watch?v=EFcLrAbO0HY<\/p>\n<p>&nbsp;<\/p>\n","protected":false},"excerpt":{"rendered":"<p>\u015eAM KIRSALI \u2013 Ordu birliklerimizin \u015eam k\u0131rsal\u0131 Do\u011fu \u011euta\u2019da radikal ter\u00f6ristlerden kurtard\u0131klar\u0131 Ayn Terma Beldesi ahalisine muhtelif t\u00fcr g\u0131da ve t\u0131bbi yard\u0131mlar g\u00f6nderildi. SANA muhabiri g\u0131da ve muhtelif t\u00fcr t\u00fcketim maddeleri y\u00fckl\u00fc 12 kamyonun yan\u0131 s\u0131ra mobil poliklinik ve sa\u011fl\u0131k ekiplerinin bug\u00fcn beldeye girdiklerini ifade etti. \u0130nsani yard\u0131mlar\u0131n belde ahalisine da\u011f\u0131t\u0131lmaya ba\u015fland\u0131\u011f\u0131n\u0131 ifade eden muhabir; &hellip;<\/p>\n","protected":false},"author":1,"featured_media":143585,"comment_status":"closed","ping_status":"closed","sticky":false,"template":"","format":"standard","meta":{"footnotes":""},"categories":[596,479,575,17988,478],"tags":[30666,17322,32312,2297,35646,16591,35647,22181],"class_list":["post-143580","post","type-post","status-publish","format-standard","has-post-thumbnail","","category-fotografli-raporlar","category-haberler-yerel","category-olaylar-ve-gercekler","category-son-haberler","category-yerel","tag-ayn-terma","tag-dogu-guta","tag-mobil-poliklinik","tag-sam-kirsali","tag-sivil-vatandaslari-12-kamyon-yardim","tag-suriye","tag-suriye-arap-kizilayi","tag-suriyeliler"],"_links":{"self":[{"href":"https:\/\/archive.sana.sy\/tr\/index.php?rest_route=\/wp\/v2\/posts\/143580","targetHints":{"allow":["GET"]}}],"collection":[{"href":"https:\/\/archive.sana.sy\/tr\/index.php?rest_route=\/wp\/v2\/posts"}],"about":[{"href":"https:\/\/archive.sana.sy\/tr\/index.php?rest_route=\/wp\/v2\/types\/post"}],"author":[{"embeddable":true,"href":"https:\/\/archive.sana.sy\/tr\/index.php?rest_route=\/wp\/v2\/users\/1"}],"replies":[{"embeddable":true,"href":"https:\/\/archive.sana.sy\/tr\/index.php?rest_route=%2Fwp%2Fv2%2Fcomments&post=143580"}],"version-history":[{"count":0,"href":"https:\/\/archive.sana.sy\/tr\/index.php?rest_route=\/wp\/v2\/posts\/143580\/revisions"}],"wp:featuredmedia":[{"embeddable":true,"href":"https:\/\/archive.sana.sy\/tr\/index.php?rest_route=\/wp\/v2\/media\/143585"}],"wp:attachment":[{"href":"https:\/\/archive.sana.sy\/tr\/index.php?rest_route=%2Fwp%2Fv2%2Fmedia&parent=143580"}],"wp:term":[{"taxonomy":"category","embeddable":true,"href":"https:\/\/archive.sana.sy\/tr\/index.php?rest_route=%2Fwp%2Fv2%2Fcategories&post=143580"},{"taxonomy":"post_tag","embeddable":true,"href":"https:\/\/archive.sana.sy\/tr\/index.php?rest_route=%2Fwp%2Fv2%2Ftags&post=143580"}],"curies":[{"name":"wp","href":"https:\/\/api.w.org\/{rel}","templated":true}]}}