{"id":143599,"date":"2018-03-30T19:20:50","date_gmt":"2018-03-30T16:20:50","guid":{"rendered":"https:\/\/www.sana.sy\/tr\/?p=143599"},"modified":"2018-03-31T10:13:49","modified_gmt":"2018-03-31T07:13:49","slug":"vatandaslar-dogu-gutadaki-durumlarin-gercegini-en-iyi-biz-biliriz","status":"publish","type":"post","link":"https:\/\/archive.sana.sy\/tr\/?p=143599","title":{"rendered":"Vatanda\u015flar: Do\u011fu \u011euta\u2019daki Durumlar\u0131n Ger\u00e7e\u011fini En \u0130yi Biz Biliriz"},"content":{"rendered":"<p>\u015eAM KIRSALI \u2013 Ba\u015fkent \u015eam k\u0131rsal\u0131 Do\u011fu \u011euta\u2019da ter\u00f6ristlerin pen\u00e7esinden kurtulan masum sivil vatanda\u015flar; radikal ter\u00f6ristlerin y\u0131llard\u0131r kendilerini silah zoruyla tutup canl\u0131 kalkan olarak kullanmakla yetinmediklerini, bunun \u00fcst\u00fcne sivil vatanda\u015flara g\u00f6nderilen t\u00fcm insani yard\u0131mlar\u0131 ve vatanda\u015flar\u0131n m\u00fclklerini gasp ettiklerini belirtti.<\/p>\n<p>Ordu birliklerimiz ve K\u0131z\u0131lay \u00d6rg\u00fct\u00fcn\u00fcn yard\u0131m ve deste\u011fi ile ge\u00e7ici ikamet merkezlerine aktar\u0131l\u0131p muhtelif t\u00fcr gereksinimleri temin edilen vatanda\u015flar a\u00e7\u0131klamalar\u0131nda ter\u00f6r \u00f6rg\u00fctleri, yanda\u015f medyalar\u0131 ve onlar\u0131 destekleyen d\u0131\u015f g\u00fc\u00e7lerin yalan dolanlar\u0131n\u0131 a\u00e7\u0131k bir \u015fekilde de\u015fifre etti.<\/p>\n<p>Vatanda\u015flar ter\u00f6r pen\u00e7esinden kurtulmalar\u0131 ard\u0131ndan seslerini d\u00fcnya kamuoyuna duyurmak istediklerini belirtirken, belli ba\u015fl\u0131 devletlerin \u2018\u0131l\u0131ml\u0131 muhalifler\u2019 ad\u0131n\u0131 verdikleri radikal ter\u00f6r \u00f6rg\u00fctlerin insani ve ahlaki ilkelerden uzak bir muamelede bulunduklar\u0131n\u0131 belirtti.<\/p>\n<p>Ter\u00f6ristlerin Suriye h\u00fck\u00fcmeti ve K\u0131z\u0131lay \u00d6rg\u00fct\u00fc taraf\u0131ndan Do\u011fu \u011euta ahalisine g\u00f6nderilen t\u0131bbi ekipmanlar ve ila\u00e7lar\u0131 gasp edip depolar\u0131nda saklad\u0131klar\u0131n\u0131 belirten vatanda\u015flar; daha sonra bu ila\u00e7lar\u0131 istedikleri vatanda\u015flarla fahi\u015f fiyatlarla sat\u0131p kendilerine b\u00fcy\u00fck bir kazan\u00e7 sa\u011flad\u0131klar\u0131n\u0131 kaydetti. Vatanda\u015flar ter\u00f6ristlerin bu insanl\u0131k d\u0131\u015f\u0131 davran\u0131\u015flar\u0131 nedeniyle \u00e7ok say\u0131da vatanda\u015f\u0131n ila\u00e7 yetersizli\u011finden \u00f6ld\u00fc\u011f\u00fcne dikkat \u00e7ektiler.<\/p>\n<p>Vatanda\u015flar din arkas\u0131nda saklanan bu ter\u00f6ristlerin dinin ger\u00e7ek ilkeleri ve de\u011ferleri ile hi\u00e7bir ilgileri olmad\u0131\u011f\u0131n\u0131, din arkas\u0131nda akla gelebilecek ve gelmeyecek her t\u00fcrl\u00fc ahlaks\u0131zl\u0131\u011f\u0131 ve g\u00fcnah\u0131 i\u015flediklerini vurgulad\u0131. Her t\u00fcrl\u00fc g\u0131da, ila\u00e7 ve fakl\u0131 t\u00fcketim maddelerinin depolar\u0131nda tonlarca miktarda stoklad\u0131klar\u0131na dikkat \u00e7eken vatanda\u015flar; bu depolar\u0131n g\u00f6z g\u00f6re g\u00f6re vatanda\u015flara kapat\u0131ld\u0131\u011f\u0131n\u0131 s\u00f6ylediler.<\/p>\n<p>Vatanda\u015flar ter\u00f6r \u00f6rg\u00fctleri ve onlar\u0131 destekleyen devletlerin bile bile Do\u011fu \u011euta\u2019da insani durumlar\u0131 k\u00f6t\u00fcye s\u00fcr\u00fcklediklerini ifade ederlerken, amac\u0131n insani durumlar\u0131n siyasi ticaretini yap\u0131p Suriye devleti ve ordusuna bask\u0131da bulunmak oldu\u011funun alt\u0131n\u0131 \u00e7izdiler.<\/p>\n<p>Ter\u00f6r \u00f6rg\u00fctleri ve arkalar\u0131nda duran devletlerin insan haklar\u0131 ve ahlaki de\u011ferlerden s\u00f6z etme haklar\u0131n\u0131n olmad\u0131\u011f\u0131na dikkat \u00e7eken vatanda\u015flar, bu ger\u00e7e\u011fin en \u00e7ok Do\u011fu \u011euta ahalisi taraf\u0131ndan net bir \u015fekilde g\u00f6r\u00fcld\u00fc\u011f\u00fcn\u00fc vurgulad\u0131lar. Vatanda\u015flar ter\u00f6r \u00f6rg\u00fctleri ve yanda\u015f medyalar\u0131n\u0131n Do\u011fu \u011euta konusunda d\u00fcnya kamuoyunu kand\u0131rmaya \u00e7al\u0131\u015ft\u0131klar\u0131n\u0131, oradaki durumlar\u0131n ger\u00e7e\u011fini en iyi \u015fekilde Do\u011fu \u011euta ahalisinin bildi\u011fini ifade ettiler.<\/p>\n<p>K.\u00d6.<\/p>\n","protected":false},"excerpt":{"rendered":"<p>\u015eAM KIRSALI \u2013 Ba\u015fkent \u015eam k\u0131rsal\u0131 Do\u011fu \u011euta\u2019da ter\u00f6ristlerin pen\u00e7esinden kurtulan masum sivil vatanda\u015flar; radikal ter\u00f6ristlerin y\u0131llard\u0131r kendilerini silah zoruyla tutup canl\u0131 kalkan olarak kullanmakla yetinmediklerini, bunun \u00fcst\u00fcne sivil vatanda\u015flara g\u00f6nderilen t\u00fcm insani yard\u0131mlar\u0131 ve vatanda\u015flar\u0131n m\u00fclklerini gasp ettiklerini belirtti. Ordu birliklerimiz ve K\u0131z\u0131lay \u00d6rg\u00fct\u00fcn\u00fcn yard\u0131m ve deste\u011fi ile ge\u00e7ici ikamet merkezlerine aktar\u0131l\u0131p muhtelif t\u00fcr &hellip;<\/p>\n","protected":false},"author":1,"featured_media":143600,"comment_status":"closed","ping_status":"closed","sticky":false,"template":"","format":"standard","meta":{"footnotes":""},"categories":[479,575,17988,478],"tags":[17322,18671,18335,16591,22181,7657],"class_list":["post-143599","post","type-post","status-publish","format-standard","has-post-thumbnail","","category-haberler-yerel","category-olaylar-ve-gercekler","category-son-haberler","category-yerel","tag-dogu-guta","tag-kizilay-orgutu","tag-ordu-birlikleri","tag-suriye","tag-suriyeliler","tag-teror-orgutleri"],"_links":{"self":[{"href":"https:\/\/archive.sana.sy\/tr\/index.php?rest_route=\/wp\/v2\/posts\/143599","targetHints":{"allow":["GET"]}}],"collection":[{"href":"https:\/\/archive.sana.sy\/tr\/index.php?rest_route=\/wp\/v2\/posts"}],"about":[{"href":"https:\/\/archive.sana.sy\/tr\/index.php?rest_route=\/wp\/v2\/types\/post"}],"author":[{"embeddable":true,"href":"https:\/\/archive.sana.sy\/tr\/index.php?rest_route=\/wp\/v2\/users\/1"}],"replies":[{"embeddable":true,"href":"https:\/\/archive.sana.sy\/tr\/index.php?rest_route=%2Fwp%2Fv2%2Fcomments&post=143599"}],"version-history":[{"count":0,"href":"https:\/\/archive.sana.sy\/tr\/index.php?rest_route=\/wp\/v2\/posts\/143599\/revisions"}],"wp:featuredmedia":[{"embeddable":true,"href":"https:\/\/archive.sana.sy\/tr\/index.php?rest_route=\/wp\/v2\/media\/143600"}],"wp:attachment":[{"href":"https:\/\/archive.sana.sy\/tr\/index.php?rest_route=%2Fwp%2Fv2%2Fmedia&parent=143599"}],"wp:term":[{"taxonomy":"category","embeddable":true,"href":"https:\/\/archive.sana.sy\/tr\/index.php?rest_route=%2Fwp%2Fv2%2Fcategories&post=143599"},{"taxonomy":"post_tag","embeddable":true,"href":"https:\/\/archive.sana.sy\/tr\/index.php?rest_route=%2Fwp%2Fv2%2Ftags&post=143599"}],"curies":[{"name":"wp","href":"https:\/\/api.w.org\/{rel}","templated":true}]}}