{"id":143603,"date":"2018-03-30T19:31:03","date_gmt":"2018-03-30T16:31:03","guid":{"rendered":"https:\/\/www.sana.sy\/tr\/?p=143603"},"modified":"2018-03-31T10:13:45","modified_gmt":"2018-03-31T07:13:45","slug":"bomba-duzeneginde-2-cocuk-yaralandi","status":"publish","type":"post","link":"https:\/\/archive.sana.sy\/tr\/?p=143603","title":{"rendered":"Bomba D\u00fczene\u011finde 2 \u00c7ocuk Yaraland\u0131"},"content":{"rendered":"<p>\u015eAM KIRSALI \u2013 Ba\u015fkent \u015eam k\u0131rsal\u0131n\u0131n g\u00fcney k\u0131rsal\u0131 Seyyide Zeyneb \u2013 Bahdeliye yolu \u00fczerinde radikal ter\u00f6ristlerin b\u00f6lgeden yok edilmeden \u00f6nce yerle\u015ftirdikleri bir bomba d\u00fczene\u011fi patlad\u0131.<\/p>\n<p>\u015eam \u00c7evre Kent \u0130l Emniyet M\u00fcd\u00fcrl\u00fc\u011f\u00fcnde bir yetkili yapt\u0131\u011f\u0131 a\u00e7\u0131klamada; radikal ter\u00f6ristlerin daha \u00f6nce ordu birliklerimiz taraf\u0131ndan yok edilmeden \u00f6nce yerle\u015ftirdikleri bomba d\u00fczene\u011finin patlamas\u0131 sonucunda 2 \u00e7ocu\u011fun a\u011f\u0131r yaraland\u0131klar\u0131n\u0131 belirtti. Yetkili \u00e7ocuklar\u0131n derhal hastaneye kald\u0131r\u0131ld\u0131klar\u0131n\u0131 s\u00f6yledi.<\/p>\n<p>K.\u00d6.<\/p>\n","protected":false},"excerpt":{"rendered":"<p>\u015eAM KIRSALI \u2013 Ba\u015fkent \u015eam k\u0131rsal\u0131n\u0131n g\u00fcney k\u0131rsal\u0131 Seyyide Zeyneb \u2013 Bahdeliye yolu \u00fczerinde radikal ter\u00f6ristlerin b\u00f6lgeden yok edilmeden \u00f6nce yerle\u015ftirdikleri bir bomba d\u00fczene\u011fi patlad\u0131. \u015eam \u00c7evre Kent \u0130l Emniyet M\u00fcd\u00fcrl\u00fc\u011f\u00fcnde bir yetkili yapt\u0131\u011f\u0131 a\u00e7\u0131klamada; radikal ter\u00f6ristlerin daha \u00f6nce ordu birliklerimiz taraf\u0131ndan yok edilmeden \u00f6nce yerle\u015ftirdikleri bomba d\u00fczene\u011finin patlamas\u0131 sonucunda 2 \u00e7ocu\u011fun a\u011f\u0131r yaraland\u0131klar\u0131n\u0131 belirtti. &hellip;<\/p>\n","protected":false},"author":1,"featured_media":143604,"comment_status":"closed","ping_status":"closed","sticky":false,"template":"","format":"standard","meta":{"footnotes":""},"categories":[479,575,17988,478],"tags":[35650,35651,35649,2297,35648,16591,22181],"class_list":["post-143603","post","type-post","status-publish","format-standard","has-post-thumbnail","","category-haberler-yerel","category-olaylar-ve-gercekler","category-son-haberler","category-yerel","tag-bahdeliye","tag-iki-cocuk-agir-yaralandi","tag-patlayici-madde","tag-sam-kirsali","tag-seyide-zeynep","tag-suriye","tag-suriyeliler"],"_links":{"self":[{"href":"https:\/\/archive.sana.sy\/tr\/index.php?rest_route=\/wp\/v2\/posts\/143603","targetHints":{"allow":["GET"]}}],"collection":[{"href":"https:\/\/archive.sana.sy\/tr\/index.php?rest_route=\/wp\/v2\/posts"}],"about":[{"href":"https:\/\/archive.sana.sy\/tr\/index.php?rest_route=\/wp\/v2\/types\/post"}],"author":[{"embeddable":true,"href":"https:\/\/archive.sana.sy\/tr\/index.php?rest_route=\/wp\/v2\/users\/1"}],"replies":[{"embeddable":true,"href":"https:\/\/archive.sana.sy\/tr\/index.php?rest_route=%2Fwp%2Fv2%2Fcomments&post=143603"}],"version-history":[{"count":0,"href":"https:\/\/archive.sana.sy\/tr\/index.php?rest_route=\/wp\/v2\/posts\/143603\/revisions"}],"wp:featuredmedia":[{"embeddable":true,"href":"https:\/\/archive.sana.sy\/tr\/index.php?rest_route=\/wp\/v2\/media\/143604"}],"wp:attachment":[{"href":"https:\/\/archive.sana.sy\/tr\/index.php?rest_route=%2Fwp%2Fv2%2Fmedia&parent=143603"}],"wp:term":[{"taxonomy":"category","embeddable":true,"href":"https:\/\/archive.sana.sy\/tr\/index.php?rest_route=%2Fwp%2Fv2%2Fcategories&post=143603"},{"taxonomy":"post_tag","embeddable":true,"href":"https:\/\/archive.sana.sy\/tr\/index.php?rest_route=%2Fwp%2Fv2%2Ftags&post=143603"}],"curies":[{"name":"wp","href":"https:\/\/api.w.org\/{rel}","templated":true}]}}