{"id":143670,"date":"2018-03-31T16:04:29","date_gmt":"2018-03-31T13:04:29","guid":{"rendered":"https:\/\/www.sana.sy\/tr\/?p=143670"},"modified":"2018-04-01T11:57:53","modified_gmt":"2018-04-01T08:57:53","slug":"birkac-saate-kadar-guvenli-bolgeler-olarak-ilan-edilecek","status":"publish","type":"post","link":"https:\/\/archive.sana.sy\/tr\/?p=143670","title":{"rendered":"Birka\u00e7 Saate Kadar G\u00fcvenli B\u00f6lgeler Olarak \u0130lan Edilecek"},"content":{"rendered":"<p>\u015eAM KIRSALI \u2013 SANA muhabiri ordu birliklerimizin birka\u00e7 saate Kadar \u015eam k\u0131rsal\u0131 Do\u011fu \u011euta\u2019n\u0131n Cobar, Ayn Terma, Zemelke ve Irbin b\u00f6lgelerinin tamamen ter\u00f6rden kurtar\u0131l\u0131p g\u00fcvenli b\u00f6lgeler olarak ilan edilece\u011fini belirtti.<\/p>\n<p>Muhabir Cobar, Ayn Terma, Zemelke ve Irbin b\u00f6lgelerinde kalan son ter\u00f6ristleri aileleriyle birlikte ta\u015f\u0131yan son 10 otob\u00fcs\u00fcn \u0130dlib istikametinde hareket etmeleri ard\u0131ndan bu b\u00f6lgelerin tamamen ter\u00f6ristlerden ar\u0131nd\u0131r\u0131lm\u0131\u015f olacaklar\u0131n\u0131 kaydetti.<\/p>\n<p>Muhabir Do\u011fu \u011euta\u2019n\u0131n Cobar, Ayn Terma, Zemelke ve Irbin b\u00f6lgelerinden bug\u00fcn aralar\u0131nda 497 ter\u00f6ristin bulundu\u011fu 1706 ki\u015fiyi ta\u015f\u0131yan 38 otob\u00fcs\u00fcn \u0130dlib\u2019e g\u00f6nderildi\u011fini belirtti.<\/p>\n<p>S\u00f6z konusu bu b\u00f6lgelerin ter\u00f6rden ar\u0131nd\u0131r\u0131l\u0131p kurtar\u0131lmalar\u0131yla Do\u011fu \u011euta\u2019n\u0131n tamam\u0131n\u0131n ter\u00f6rden kurtar\u0131lmas\u0131nda temel bir ad\u0131m oldu\u011funa dikkat \u00e7eken muhabir; bunun ordu birliklerimiz ve t\u00fcm Suriye&#8217;nin \u00f6nemli bir zaferi oldu\u011funu ifade etti.<\/p>\n","protected":false},"excerpt":{"rendered":"<p>\u015eAM KIRSALI \u2013 SANA muhabiri ordu birliklerimizin birka\u00e7 saate Kadar \u015eam k\u0131rsal\u0131 Do\u011fu \u011euta\u2019n\u0131n Cobar, Ayn Terma, Zemelke ve Irbin b\u00f6lgelerinin tamamen ter\u00f6rden kurtar\u0131l\u0131p g\u00fcvenli b\u00f6lgeler olarak ilan edilece\u011fini belirtti. Muhabir Cobar, Ayn Terma, Zemelke ve Irbin b\u00f6lgelerinde kalan son ter\u00f6ristleri aileleriyle birlikte ta\u015f\u0131yan son 10 otob\u00fcs\u00fcn \u0130dlib istikametinde hareket etmeleri ard\u0131ndan bu b\u00f6lgelerin tamamen &hellip;<\/p>\n","protected":false},"author":1,"featured_media":143699,"comment_status":"closed","ping_status":"closed","sticky":false,"template":"","format":"standard","meta":{"footnotes":""},"categories":[479,575,17988,478],"tags":[17322,35244,2755,2297,11549,19034,22181],"class_list":["post-143670","post","type-post","status-publish","format-standard","has-post-thumbnail","","category-haberler-yerel","category-olaylar-ve-gercekler","category-son-haberler","category-yerel","tag-dogu-guta","tag-guta","tag-sam","tag-sam-kirsali","tag-suriye-ordusu","tag-suriyeli-muhalifler","tag-suriyeliler"],"_links":{"self":[{"href":"https:\/\/archive.sana.sy\/tr\/index.php?rest_route=\/wp\/v2\/posts\/143670","targetHints":{"allow":["GET"]}}],"collection":[{"href":"https:\/\/archive.sana.sy\/tr\/index.php?rest_route=\/wp\/v2\/posts"}],"about":[{"href":"https:\/\/archive.sana.sy\/tr\/index.php?rest_route=\/wp\/v2\/types\/post"}],"author":[{"embeddable":true,"href":"https:\/\/archive.sana.sy\/tr\/index.php?rest_route=\/wp\/v2\/users\/1"}],"replies":[{"embeddable":true,"href":"https:\/\/archive.sana.sy\/tr\/index.php?rest_route=%2Fwp%2Fv2%2Fcomments&post=143670"}],"version-history":[{"count":0,"href":"https:\/\/archive.sana.sy\/tr\/index.php?rest_route=\/wp\/v2\/posts\/143670\/revisions"}],"wp:featuredmedia":[{"embeddable":true,"href":"https:\/\/archive.sana.sy\/tr\/index.php?rest_route=\/wp\/v2\/media\/143699"}],"wp:attachment":[{"href":"https:\/\/archive.sana.sy\/tr\/index.php?rest_route=%2Fwp%2Fv2%2Fmedia&parent=143670"}],"wp:term":[{"taxonomy":"category","embeddable":true,"href":"https:\/\/archive.sana.sy\/tr\/index.php?rest_route=%2Fwp%2Fv2%2Fcategories&post=143670"},{"taxonomy":"post_tag","embeddable":true,"href":"https:\/\/archive.sana.sy\/tr\/index.php?rest_route=%2Fwp%2Fv2%2Ftags&post=143670"}],"curies":[{"name":"wp","href":"https:\/\/api.w.org\/{rel}","templated":true}]}}