{"id":143696,"date":"2018-03-31T15:11:13","date_gmt":"2018-03-31T12:11:13","guid":{"rendered":"https:\/\/www.sana.sy\/tr\/?p=143696"},"modified":"2018-03-31T15:11:13","modified_gmt":"2018-03-31T12:11:13","slug":"sana-muhabiri-ordu-birliklerimizin-birkac-saate-kadar-sam-kirsali-dogu-gutanin-cobar-ayn-terma-zemelke-ve-irbin-bolgelerinin-tamamen-terorden-kurtarilip-guvenli-bolgeler-olarak-ilan-edilece","status":"publish","type":"post","link":"https:\/\/archive.sana.sy\/tr\/?p=143696","title":{"rendered":"SANA muhabiri ordu birliklerimizin birka\u00e7 saate Kadar \u015eam k\u0131rsal\u0131 Do\u011fu \u011euta\u2019n\u0131n Cobar, Ayn Terma, Zemelke ve Irbin b\u00f6lgelerinin tamamen ter\u00f6rden kurtar\u0131l\u0131p g\u00fcvenli b\u00f6lgeler olarak ilan edilece\u011fini belirtti"},"content":{"rendered":"<p>SANA muhabiri ordu birliklerimizin birka\u00e7 saate Kadar \u015eam k\u0131rsal\u0131 Do\u011fu \u011euta\u2019n\u0131n Cobar, Ayn Terma, Zemelke ve Irbin b\u00f6lgelerinin tamamen ter\u00f6rden kurtar\u0131l\u0131p g\u00fcvenli b\u00f6lgeler olarak ilan edilece\u011fini belirtti<\/p>\n","protected":false},"excerpt":{"rendered":"<p>SANA muhabiri ordu birliklerimizin birka\u00e7 saate Kadar \u015eam k\u0131rsal\u0131 Do\u011fu \u011euta\u2019n\u0131n Cobar, Ayn Terma, Zemelke ve Irbin b\u00f6lgelerinin tamamen ter\u00f6rden kurtar\u0131l\u0131p g\u00fcvenli b\u00f6lgeler olarak ilan edilece\u011fini belirtti<\/p>\n","protected":false},"author":1,"featured_media":0,"comment_status":"closed","ping_status":"closed","sticky":false,"template":"","format":"standard","meta":{"footnotes":""},"categories":[17991],"tags":[],"class_list":["post-143696","post","type-post","status-publish","format-standard","","category-son-dakika"],"_links":{"self":[{"href":"https:\/\/archive.sana.sy\/tr\/index.php?rest_route=\/wp\/v2\/posts\/143696","targetHints":{"allow":["GET"]}}],"collection":[{"href":"https:\/\/archive.sana.sy\/tr\/index.php?rest_route=\/wp\/v2\/posts"}],"about":[{"href":"https:\/\/archive.sana.sy\/tr\/index.php?rest_route=\/wp\/v2\/types\/post"}],"author":[{"embeddable":true,"href":"https:\/\/archive.sana.sy\/tr\/index.php?rest_route=\/wp\/v2\/users\/1"}],"replies":[{"embeddable":true,"href":"https:\/\/archive.sana.sy\/tr\/index.php?rest_route=%2Fwp%2Fv2%2Fcomments&post=143696"}],"version-history":[{"count":0,"href":"https:\/\/archive.sana.sy\/tr\/index.php?rest_route=\/wp\/v2\/posts\/143696\/revisions"}],"wp:attachment":[{"href":"https:\/\/archive.sana.sy\/tr\/index.php?rest_route=%2Fwp%2Fv2%2Fmedia&parent=143696"}],"wp:term":[{"taxonomy":"category","embeddable":true,"href":"https:\/\/archive.sana.sy\/tr\/index.php?rest_route=%2Fwp%2Fv2%2Fcategories&post=143696"},{"taxonomy":"post_tag","embeddable":true,"href":"https:\/\/archive.sana.sy\/tr\/index.php?rest_route=%2Fwp%2Fv2%2Ftags&post=143696"}],"curies":[{"name":"wp","href":"https:\/\/api.w.org\/{rel}","templated":true}]}}