{"id":143704,"date":"2018-03-31T16:32:48","date_gmt":"2018-03-31T13:32:48","guid":{"rendered":"https:\/\/www.sana.sy\/tr\/?p=143704"},"modified":"2018-04-01T09:53:15","modified_gmt":"2018-04-01T06:53:15","slug":"bm-raporu-israilin-radikal-terore-destegini-belirtti","status":"publish","type":"post","link":"https:\/\/archive.sana.sy\/tr\/?p=143704","title":{"rendered":"BM Raporu \u0130srail&#8217;in Radikal Ter\u00f6re Deste\u011fini Belirtti"},"content":{"rendered":"<p>NEW YORK \u2013 Birle\u015fmi\u015f Milletler Genel Sekreteri Antonio Guterres\u2019in yay\u0131nlad\u0131\u011f\u0131 bir rapor; i\u015fgalci \u0130srail&#8217;in, uluslar aras\u0131 ter\u00f6r \u00f6rg\u00fctleri listesinde yer alan Nusra Cephesi dahil Suriye&#8217;de farkl\u0131 isimler alt\u0131nda faaliyet g\u00f6steren ter\u00f6r \u00f6rg\u00fctlere muhtelif t\u00fcr destekte bulundu\u011funu belirtti.<\/p>\n<p>\u0130srail ile \u00e7at\u0131\u015fmalar\u0131 durdurma hatt\u0131nda g\u00f6rev yapan BM g\u00fc\u00e7leri UNDOF\u2019un haz\u0131rlad\u0131\u011f\u0131 raporda \u0130srail askerlerinin bir\u00e7ok kez ter\u00f6ristlere destek ve ikmal aktard\u0131klar\u0131na dikkat \u00e7ekildi. Raporda \u0130srail askerlerinin i\u015fgal askerleri ile daimi bir koordinasyon ve i\u015fbirli\u011finde olduklar\u0131na da vurgu yap\u0131ld\u0131.<\/p>\n<p>\u0130\u015fgal ordusunun \u00e7at\u0131\u015fmalar\u0131 durdurma b\u00f6lgesi ve i\u015fgal alt\u0131ndaki Golan topraklar\u0131nda yap\u0131lar kurdu\u011funun belirtildi\u011fi raporda, radikal ter\u00f6ristlerin s\u00fcrekli olarak bu yap\u0131lara girip \u00e7\u0131kt\u0131klar\u0131 kaydedildi.<\/p>\n<p>Raporda \u0130srail&#8217;in s\u00fcrekli olarak \u00e7at\u0131\u015fmalar\u0131n durdurulmas\u0131 anla\u015fmas\u0131n\u0131 ihlal edip Suriye&#8217;ye sald\u0131r\u0131larda bulundu\u011funa da vurgu yap\u0131ld\u0131.<\/p>\n<p>Raporda BM genel sekreteri \u0130srail&#8217;den t\u00fcm ihlallerine son vermesini talep ederken, \u0130srail&#8217;e etkisi olan devletlerden de bu y\u00f6nde olumlu m\u00fcdahalede bulunmalar\u0131n\u0131 talep etti.<\/p>\n<p>K.\u00d6.<\/p>\n","protected":false},"excerpt":{"rendered":"<p>NEW YORK \u2013 Birle\u015fmi\u015f Milletler Genel Sekreteri Antonio Guterres\u2019in yay\u0131nlad\u0131\u011f\u0131 bir rapor; i\u015fgalci \u0130srail&#8217;in, uluslar aras\u0131 ter\u00f6r \u00f6rg\u00fctleri listesinde yer alan Nusra Cephesi dahil Suriye&#8217;de farkl\u0131 isimler alt\u0131nda faaliyet g\u00f6steren ter\u00f6r \u00f6rg\u00fctlere muhtelif t\u00fcr destekte bulundu\u011funu belirtti. \u0130srail ile \u00e7at\u0131\u015fmalar\u0131 durdurma hatt\u0131nda g\u00f6rev yapan BM g\u00fc\u00e7leri UNDOF\u2019un haz\u0131rlad\u0131\u011f\u0131 raporda \u0130srail askerlerinin bir\u00e7ok kez ter\u00f6ristlere destek &hellip;<\/p>\n","protected":false},"author":1,"featured_media":143705,"comment_status":"closed","ping_status":"closed","sticky":false,"template":"","format":"standard","meta":{"footnotes":""},"categories":[458,459,17988],"tags":[3464,30350,5730,19189,5614,33557,16591,22181,33961],"class_list":["post-143704","post","type-post","status-publish","format-standard","has-post-thumbnail","","category-dunya1","category-haberler-arap-uluslararasi-politika","category-son-haberler","tag-nusra-cephesi","tag-birlesmis-milletler-genel-sekreteri-antonio-guterres","tag-bm","tag-golan-tepeleri","tag-israil","tag-newyork","tag-suriye","tag-suriyeliler","tag-undof"],"_links":{"self":[{"href":"https:\/\/archive.sana.sy\/tr\/index.php?rest_route=\/wp\/v2\/posts\/143704","targetHints":{"allow":["GET"]}}],"collection":[{"href":"https:\/\/archive.sana.sy\/tr\/index.php?rest_route=\/wp\/v2\/posts"}],"about":[{"href":"https:\/\/archive.sana.sy\/tr\/index.php?rest_route=\/wp\/v2\/types\/post"}],"author":[{"embeddable":true,"href":"https:\/\/archive.sana.sy\/tr\/index.php?rest_route=\/wp\/v2\/users\/1"}],"replies":[{"embeddable":true,"href":"https:\/\/archive.sana.sy\/tr\/index.php?rest_route=%2Fwp%2Fv2%2Fcomments&post=143704"}],"version-history":[{"count":0,"href":"https:\/\/archive.sana.sy\/tr\/index.php?rest_route=\/wp\/v2\/posts\/143704\/revisions"}],"wp:featuredmedia":[{"embeddable":true,"href":"https:\/\/archive.sana.sy\/tr\/index.php?rest_route=\/wp\/v2\/media\/143705"}],"wp:attachment":[{"href":"https:\/\/archive.sana.sy\/tr\/index.php?rest_route=%2Fwp%2Fv2%2Fmedia&parent=143704"}],"wp:term":[{"taxonomy":"category","embeddable":true,"href":"https:\/\/archive.sana.sy\/tr\/index.php?rest_route=%2Fwp%2Fv2%2Fcategories&post=143704"},{"taxonomy":"post_tag","embeddable":true,"href":"https:\/\/archive.sana.sy\/tr\/index.php?rest_route=%2Fwp%2Fv2%2Ftags&post=143704"}],"curies":[{"name":"wp","href":"https:\/\/api.w.org\/{rel}","templated":true}]}}