{"id":143707,"date":"2018-03-31T17:05:47","date_gmt":"2018-03-31T14:05:47","guid":{"rendered":"https:\/\/www.sana.sy\/tr\/?p=143707"},"modified":"2018-04-01T09:56:26","modified_gmt":"2018-04-01T06:56:26","slug":"beldelerinde-kalan-silahlilarin-durumu-yeniden-duzenlenecek","status":"publish","type":"post","link":"https:\/\/archive.sana.sy\/tr\/?p=143707","title":{"rendered":"Beldelerinde Kalan Silahl\u0131lar\u0131n Durumu Yeniden D\u00fczenlenecek (video)"},"content":{"rendered":"<p>\u015eAM KIRSALI \u2013 Ordu birliklerimiz \u015eam k\u0131rsal\u0131 Do\u011fu \u011euta\u2019da ter\u00f6rden kurtar\u0131lan ve tahliye edilen b\u00f6lgelerde arama tarama operasyonlar\u0131n\u0131 s\u00fcrd\u00fcrmeleriyle bug\u00fcn Ayn Terma Beldesinde radikal ter\u00f6ristlere ait bir cephane deposu ele ge\u00e7irdi.<\/p>\n<p>Ordu birliklerimizde bir subay SANA\u2019ya yapt\u0131\u011f\u0131 a\u00e7\u0131klamada; yerel ahalinin i\u015fbirli\u011fi ile s\u00fcrd\u00fcr\u00fclen ve vatanda\u015flar\u0131n evlerine d\u00f6nmeleri i\u00e7in ter\u00f6ristlerin daha \u00f6nce \u00f6zel ve kamu m\u00fclklere yerle\u015ftirdikleri bubi tuzaklar\u0131n\u0131 etkisizle\u015ftirme ama\u00e7l\u0131 operasyonlar s\u0131ras\u0131nda \u2018Feylak el Rahman\u2019 adl\u0131 radikal ter\u00f6r \u00f6rg\u00fct\u00fcn\u00fcn en b\u00fcy\u00fck cephane deposunu ele ge\u00e7irdiklerini belirtti.<\/p>\n<p><a href=\"https:\/\/www.sana.sy\/tr\/wp-content\/uploads\/2018\/03\/DSC_9979.jpg\"><img loading=\"lazy\" decoding=\"async\" class=\"alignright wp-image-143726 size-medium\" src=\"https:\/\/www.sana.sy\/tr\/wp-content\/uploads\/2018\/03\/DSC_9979-300x188.jpg\" alt=\"\" width=\"300\" height=\"188\" srcset=\"https:\/\/archive.sana.sy\/tr\/wp-content\/uploads\/2018\/03\/DSC_9979-300x188.jpg 300w, https:\/\/archive.sana.sy\/tr\/wp-content\/uploads\/2018\/03\/DSC_9979-150x94.jpg 150w, https:\/\/archive.sana.sy\/tr\/wp-content\/uploads\/2018\/03\/DSC_9979-768x481.jpg 768w, https:\/\/archive.sana.sy\/tr\/wp-content\/uploads\/2018\/03\/DSC_9979-1024x641.jpg 1024w\" sizes=\"auto, (max-width: 300px) 100vw, 300px\" \/><\/a>Komutan ter\u00f6ristlerin beldeden \u00e7\u0131kmadan \u00f6nce depoda bulunan a\u011f\u0131r ve orta silahlar\u0131 ate\u015fe verdiklerine dikkat \u00e7ekti.<\/p>\n<p>Di\u011fer yandan Ayn Terma Beldesinde ulusal uzla\u015fma komitesi ba\u015fkan\u0131 \u015eeyh Velid Davut; beldede bulunan y\u00fcksek say\u0131da silahl\u0131n\u0131n \u0130dlib\u2019e gitmeyi reddettiklerini ve silahlar\u0131n\u0131 orduya teslim edip evlerinde kalmak istediklerini vurgulad\u0131.<\/p>\n<p>Askeri kaynak ise beldede bulunan \u00e7ok say\u0131da silahl\u0131n\u0131n yar\u0131n silahlar\u0131n\u0131 teslim etmeye ba\u015flamalar\u0131yla kanuni durumlar\u0131n\u0131n af karar\u0131 kapsam\u0131nda yeniden d\u00fczenlenece\u011fini belirtti.<\/p>\n<p>Askeri kaynak ordu birliklerimizin \u015eam k\u0131rsal\u0131 Do\u011fu \u011euta\u2019da Hezza ve Sakba beldeleri aras\u0131nda t\u00fcnel ile birbirine ba\u011flanan iki b\u00f6l\u00fcmden ibaret en b\u00fcy\u00fck sahra hastanesini ele ge\u00e7irdiklerini belirtti.<br \/>\nKaynak radikal ter\u00f6ristlere ait olan sahra hastanesinde b\u00fcy\u00fck miktarda ve muhtelif t\u00fcrlerde ila\u00e7lar ve t\u0131bbi ekipmanlar\u0131n ele ge\u00e7irildi\u011fine dikkat \u00e7ekti.<\/p>\n<p>K.\u00d6.<\/p>\n<div id='gallery-1' class='gallery galleryid-143707 gallery-columns-2 gallery-size-thumbnail'><figure class='gallery-item'>\n\t\t\t<div class='gallery-icon landscape'>\n\t\t\t\t<a href='https:\/\/archive.sana.sy\/tr\/wp-content\/uploads\/2018\/03\/DSC_9967.jpg'><img loading=\"lazy\" decoding=\"async\" width=\"150\" height=\"96\" src=\"https:\/\/archive.sana.sy\/tr\/wp-content\/uploads\/2018\/03\/DSC_9967-150x96.jpg\" class=\"attachment-thumbnail size-thumbnail\" alt=\"\" srcset=\"https:\/\/archive.sana.sy\/tr\/wp-content\/uploads\/2018\/03\/DSC_9967-150x96.jpg 150w, https:\/\/archive.sana.sy\/tr\/wp-content\/uploads\/2018\/03\/DSC_9967-300x192.jpg 300w, https:\/\/archive.sana.sy\/tr\/wp-content\/uploads\/2018\/03\/DSC_9967-768x492.jpg 768w, https:\/\/archive.sana.sy\/tr\/wp-content\/uploads\/2018\/03\/DSC_9967-1024x655.jpg 1024w\" sizes=\"auto, (max-width: 150px) 100vw, 150px\" \/><\/a>\n\t\t\t<\/div><\/figure><figure class='gallery-item'>\n\t\t\t<div class='gallery-icon landscape'>\n\t\t\t\t<a href='https:\/\/archive.sana.sy\/tr\/wp-content\/uploads\/2018\/03\/DSC_9975.jpg'><img loading=\"lazy\" decoding=\"async\" width=\"150\" height=\"87\" src=\"https:\/\/archive.sana.sy\/tr\/wp-content\/uploads\/2018\/03\/DSC_9975-150x87.jpg\" class=\"attachment-thumbnail size-thumbnail\" alt=\"\" srcset=\"https:\/\/archive.sana.sy\/tr\/wp-content\/uploads\/2018\/03\/DSC_9975-150x87.jpg 150w, https:\/\/archive.sana.sy\/tr\/wp-content\/uploads\/2018\/03\/DSC_9975-300x173.jpg 300w, https:\/\/archive.sana.sy\/tr\/wp-content\/uploads\/2018\/03\/DSC_9975-768x444.jpg 768w, https:\/\/archive.sana.sy\/tr\/wp-content\/uploads\/2018\/03\/DSC_9975-1024x592.jpg 1024w\" sizes=\"auto, (max-width: 150px) 100vw, 150px\" \/><\/a>\n\t\t\t<\/div><\/figure>\n\t\t<\/div>\n\n<p>https:\/\/www.youtube.com\/watch?v=vMUoYnX_WvM<\/p>\n","protected":false},"excerpt":{"rendered":"<p>\u015eAM KIRSALI \u2013 Ordu birliklerimiz \u015eam k\u0131rsal\u0131 Do\u011fu \u011euta\u2019da ter\u00f6rden kurtar\u0131lan ve tahliye edilen b\u00f6lgelerde arama tarama operasyonlar\u0131n\u0131 s\u00fcrd\u00fcrmeleriyle bug\u00fcn Ayn Terma Beldesinde radikal ter\u00f6ristlere ait bir cephane deposu ele ge\u00e7irdi. Ordu birliklerimizde bir subay SANA\u2019ya yapt\u0131\u011f\u0131 a\u00e7\u0131klamada; yerel ahalinin i\u015fbirli\u011fi ile s\u00fcrd\u00fcr\u00fclen ve vatanda\u015flar\u0131n evlerine d\u00f6nmeleri i\u00e7in ter\u00f6ristlerin daha \u00f6nce \u00f6zel ve kamu m\u00fclklere &hellip;<\/p>\n","protected":false},"author":1,"featured_media":143728,"comment_status":"closed","ping_status":"closed","sticky":false,"template":"","format":"standard","meta":{"footnotes":""},"categories":[596,479,575,17988,478],"tags":[30666,17322,28481,35661,18335,35440,2755,2297,35660,16591,22181,35659],"class_list":["post-143707","post","type-post","status-publish","format-standard","has-post-thumbnail","","category-fotografli-raporlar","category-haberler-yerel","category-olaylar-ve-gercekler","category-son-haberler","category-yerel","tag-ayn-terma","tag-dogu-guta","tag-feylak-el-rahman","tag-hezza","tag-ordu-birlikleri","tag-sakba","tag-sam","tag-sam-kirsali","tag-seyh-velid-davut","tag-suriye","tag-suriyeliler","tag-teror-orgutlerine-ait-muhimmat-bulundu"],"_links":{"self":[{"href":"https:\/\/archive.sana.sy\/tr\/index.php?rest_route=\/wp\/v2\/posts\/143707","targetHints":{"allow":["GET"]}}],"collection":[{"href":"https:\/\/archive.sana.sy\/tr\/index.php?rest_route=\/wp\/v2\/posts"}],"about":[{"href":"https:\/\/archive.sana.sy\/tr\/index.php?rest_route=\/wp\/v2\/types\/post"}],"author":[{"embeddable":true,"href":"https:\/\/archive.sana.sy\/tr\/index.php?rest_route=\/wp\/v2\/users\/1"}],"replies":[{"embeddable":true,"href":"https:\/\/archive.sana.sy\/tr\/index.php?rest_route=%2Fwp%2Fv2%2Fcomments&post=143707"}],"version-history":[{"count":0,"href":"https:\/\/archive.sana.sy\/tr\/index.php?rest_route=\/wp\/v2\/posts\/143707\/revisions"}],"wp:featuredmedia":[{"embeddable":true,"href":"https:\/\/archive.sana.sy\/tr\/index.php?rest_route=\/wp\/v2\/media\/143728"}],"wp:attachment":[{"href":"https:\/\/archive.sana.sy\/tr\/index.php?rest_route=%2Fwp%2Fv2%2Fmedia&parent=143707"}],"wp:term":[{"taxonomy":"category","embeddable":true,"href":"https:\/\/archive.sana.sy\/tr\/index.php?rest_route=%2Fwp%2Fv2%2Fcategories&post=143707"},{"taxonomy":"post_tag","embeddable":true,"href":"https:\/\/archive.sana.sy\/tr\/index.php?rest_route=%2Fwp%2Fv2%2Ftags&post=143707"}],"curies":[{"name":"wp","href":"https:\/\/api.w.org\/{rel}","templated":true}]}}