{"id":143734,"date":"2018-03-31T19:29:13","date_gmt":"2018-03-31T16:29:13","guid":{"rendered":"https:\/\/www.sana.sy\/tr\/?p=143734"},"modified":"2018-04-01T13:55:37","modified_gmt":"2018-04-01T10:55:37","slug":"dogu-guta-radikal-teroristlerden-kurtarildi","status":"publish","type":"post","link":"https:\/\/archive.sana.sy\/tr\/?p=143734","title":{"rendered":"Do\u011fu \u011euta Radikal Ter\u00f6ristlerden Kurtar\u0131ld\u0131 (video)"},"content":{"rendered":"<p>\u015eAM \u2013 Ordu ve Silahl\u0131 Kuvvetler genel Komutanl\u0131\u011f\u0131 bug\u00fcn, ordu birliklerimizin \u015eam k\u0131rsal\u0131 Do\u011fu \u011euta\u2019da bir dizi nitelikli operasyonlar\u0131 ve bu operasyonlarda y\u00fczlerce ter\u00f6risti \u00f6ld\u00fcrmeleri ard\u0131ndan bir\u00e7ok kent ve beldeyi ter\u00f6rden kurtard\u0131klar\u0131n\u0131 ilan ederken, ordu birliklerimizin Duma Kenti civarlar\u0131nda operasyonlar\u0131n\u0131 s\u00fcrd\u00fcrd\u00fcklerini belirtti.<\/p>\n<p>Genel komutanl\u0131k bug\u00fcn ilan etti\u011fi beyanda; ordu birliklerimizin m\u00fcttefik ve destek\u00e7i g\u00fc\u00e7lerle i\u015fbirli\u011fi i\u00e7inde Do\u011fu \u011euta\u2019n\u0131n yap\u0131s\u0131yla uygun nitelikli dakik operasyonlar ger\u00e7ekle\u015ftirmeleri ve b\u00f6lge ahalisinin selametine \u00f6ncelik vermeleriyle Do\u011fu \u011euta\u2019n\u0131n t\u00fcm kent, belde ve k\u00f6ylerinin radikal ter\u00f6ristlerden kurtar\u0131ld\u0131\u011f\u0131n\u0131 vurgulad\u0131.<\/p>\n<p>Operasyonlarda aralar\u0131nda bariz tehlikeli isimlerin bulundu\u011fu y\u00fczlerce ter\u00f6ristin \u00f6ld\u00fcr\u00fcld\u00fc\u011f\u00fcn\u00fc belirten komutanl\u0131k, karargahlar\u0131, siperleri ve ekipmanlar\u0131n\u0131n da imha edildi\u011fini kaydetti. Komutanl\u0131k radikal ter\u00f6ristlerin \u015eam ve k\u0131rsal\u0131nda sivil yerle\u015fim alanlar\u0131n\u0131 hedef almada kulland\u0131klar\u0131 havan toplar\u0131, roket ve f\u00fczeleri imal ettikleri at\u00f6lyelerin imha edildi\u011fini ifade etti.<\/p>\n<p>Ter\u00f6ristlerin kulland\u0131klar\u0131 t\u00fcnel \u015febekelerinin de ele ge\u00e7irildi\u011fine dikkat \u00e7eken komutanl\u0131k, sivil vatanda\u015flardan gasp ettikleri insani yard\u0131mlar\u0131 saklad\u0131klar\u0131 depolar\u0131n da bulundu\u011funa i\u015faret etti.<\/p>\n<p>Komutanl\u0131k ordu birliklerimizin b\u00f6lgede ter\u00f6ristlerin son karargah\u0131 Duma Kenti ve ahalisini kurtarma amac\u0131yla ordu birliklerimizin kent civarlar\u0131nda radikal ter\u00f6ristlere kar\u015f\u0131 operasyonlar\u0131n\u0131 ba\u015far\u0131yla s\u00fcrd\u00fcrd\u00fcklerini vurgulad\u0131.<\/p>\n<p>Ordu birliklerimizin Do\u011fu \u011euta\u2019da radikal ter\u00f6ristlerin y\u0131llard\u0131r rehine al\u0131p canl\u0131 kalkan olarak kulland\u0131klar\u0131 on binlerce masum sivil insan\u0131 insani koridorlar \u00fczerinden tahliye ettiklerini belirten komutanl\u0131k, bu vatanda\u015flar\u0131n t\u00fcm\u00fcn\u00fcn ge\u00e7ici ikamet merkezlerine al\u0131n\u0131p t\u00fcm temel gereksinimlerinin temin edildi\u011fini s\u00f6yledi.<\/p>\n<p>Komutanl\u0131k Do\u011fu \u011euta\u2019n\u0131n ter\u00f6rden kurtar\u0131lmas\u0131n\u0131n \u015eam ve k\u0131rsal\u0131nda masum sivil vatanda\u015flar\u0131n can ve mal g\u00fcvenli\u011fini temin etme a\u00e7\u0131s\u0131ndan ordu birliklerimizin b\u00fcy\u00fck bir zaferi niteli\u011finde oldu\u011funa dikkat \u00e7ekti.<\/p>\n<p>Ordu birliklerimizin kanlar\u0131n ak\u0131t\u0131lmas\u0131na son verme \u00f6zeni kapsam\u0131nda binlerce ter\u00f6ristin aileleriyle birlikte \u0130dlib\u2019e aktar\u0131lmalar\u0131na izin verdi\u011fine dikkat \u00e7eken komutanl\u0131k; ordu ve silahl\u0131 kuvvetler genel komutanl\u0131\u011f\u0131n\u0131n di\u011fer b\u00f6lgelerde bulunan t\u00fcm ter\u00f6ristleri silahlar\u0131n\u0131 teslim etmeye bir kez daha davet etti\u011fini ifade etti.<\/p>\n<p>Beyan\u0131n\u0131n sonunda komutanl\u0131k ordu birliklerimizin vatan topraklar\u0131n\u0131n her kar\u015f\u0131n\u0131 ter\u00f6rden kurtarmakla birlikte ulusal egemenlik ve halk\u0131n selametini sa\u011flama kararl\u0131l\u0131\u011f\u0131n\u0131n bir kez daha alt\u0131n\u0131 \u00e7izdi.<\/p>\n<p>K.\u00d6.<\/p>\n<p>https:\/\/www.youtube.com\/watch?v=4fKrGgBmR1o<\/p>\n","protected":false},"excerpt":{"rendered":"<p>\u015eAM \u2013 Ordu ve Silahl\u0131 Kuvvetler genel Komutanl\u0131\u011f\u0131 bug\u00fcn, ordu birliklerimizin \u015eam k\u0131rsal\u0131 Do\u011fu \u011euta\u2019da bir dizi nitelikli operasyonlar\u0131 ve bu operasyonlarda y\u00fczlerce ter\u00f6risti \u00f6ld\u00fcrmeleri ard\u0131ndan bir\u00e7ok kent ve beldeyi ter\u00f6rden kurtard\u0131klar\u0131n\u0131 ilan ederken, ordu birliklerimizin Duma Kenti civarlar\u0131nda operasyonlar\u0131n\u0131 s\u00fcrd\u00fcrd\u00fcklerini belirtti. Genel komutanl\u0131k bug\u00fcn ilan etti\u011fi beyanda; ordu birliklerimizin m\u00fcttefik ve destek\u00e7i g\u00fc\u00e7lerle i\u015fbirli\u011fi &hellip;<\/p>\n","protected":false},"author":1,"featured_media":143735,"comment_status":"closed","ping_status":"closed","sticky":false,"template":"","format":"standard","meta":{"footnotes":""},"categories":[479,575,17988,478],"tags":[35663,35662,2755,2297,16591,22181],"class_list":["post-143734","post","type-post","status-publish","format-standard","has-post-thumbnail","","category-haberler-yerel","category-olaylar-ve-gercekler","category-son-haberler","category-yerel","tag-dogu-gutada-belde-ve-sehirler-kurtarildi","tag-ordu-ve-silahli-kuvvetler-komutanligi","tag-sam","tag-sam-kirsali","tag-suriye","tag-suriyeliler"],"_links":{"self":[{"href":"https:\/\/archive.sana.sy\/tr\/index.php?rest_route=\/wp\/v2\/posts\/143734","targetHints":{"allow":["GET"]}}],"collection":[{"href":"https:\/\/archive.sana.sy\/tr\/index.php?rest_route=\/wp\/v2\/posts"}],"about":[{"href":"https:\/\/archive.sana.sy\/tr\/index.php?rest_route=\/wp\/v2\/types\/post"}],"author":[{"embeddable":true,"href":"https:\/\/archive.sana.sy\/tr\/index.php?rest_route=\/wp\/v2\/users\/1"}],"replies":[{"embeddable":true,"href":"https:\/\/archive.sana.sy\/tr\/index.php?rest_route=%2Fwp%2Fv2%2Fcomments&post=143734"}],"version-history":[{"count":0,"href":"https:\/\/archive.sana.sy\/tr\/index.php?rest_route=\/wp\/v2\/posts\/143734\/revisions"}],"wp:featuredmedia":[{"embeddable":true,"href":"https:\/\/archive.sana.sy\/tr\/index.php?rest_route=\/wp\/v2\/media\/143735"}],"wp:attachment":[{"href":"https:\/\/archive.sana.sy\/tr\/index.php?rest_route=%2Fwp%2Fv2%2Fmedia&parent=143734"}],"wp:term":[{"taxonomy":"category","embeddable":true,"href":"https:\/\/archive.sana.sy\/tr\/index.php?rest_route=%2Fwp%2Fv2%2Fcategories&post=143734"},{"taxonomy":"post_tag","embeddable":true,"href":"https:\/\/archive.sana.sy\/tr\/index.php?rest_route=%2Fwp%2Fv2%2Ftags&post=143734"}],"curies":[{"name":"wp","href":"https:\/\/api.w.org\/{rel}","templated":true}]}}