{"id":143774,"date":"2018-04-01T13:00:27","date_gmt":"2018-04-01T10:00:27","guid":{"rendered":"https:\/\/www.sana.sy\/tr\/?p=143774"},"modified":"2018-04-02T10:00:07","modified_gmt":"2018-04-02T07:00:07","slug":"suriye-akdeniz-sampiyonasinda-ikinciligi-kazandi","status":"publish","type":"post","link":"https:\/\/archive.sana.sy\/tr\/?p=143774","title":{"rendered":"Suriye Akdeniz \u015eampiyonas\u0131nda \u0130kincili\u011fi kazand\u0131"},"content":{"rendered":"<p>CEZAY\u0130R \u2013 Suriye g\u00fcre\u015f tak\u0131m\u0131 Cezayir\u2019de d\u00fczenlenen Akdeniz G\u00fcre\u015f \u015eampiyonas\u0131nda toplam 11 madalya kazanarak ikinci s\u0131ray\u0131 kazand\u0131.<\/p>\n<p>Suriye tak\u0131m\u0131 d\u00fcn ak\u015fam faaliyetleri sona eren \u015fampiyonlukta 6 alt\u0131n, 3 g\u00fcm\u00fc\u015f ve iki bronz madalya olmak \u00fczere toplam 11 madalya kazand\u0131.<\/p>\n<p>G\u00fcre\u015f Federasyonu Ba\u015fkan\u0131 Ahmet Cuma; Suriye tak\u0131m\u0131n\u0131n \u015fampiyonluk s\u00fcresince herkesin dikkatini \u00e7eken \u00fcst\u00fcn bir performasyon sergilediklerine dikkat \u00e7ekti.<\/p>\n","protected":false},"excerpt":{"rendered":"<p>CEZAY\u0130R \u2013 Suriye g\u00fcre\u015f tak\u0131m\u0131 Cezayir\u2019de d\u00fczenlenen Akdeniz G\u00fcre\u015f \u015eampiyonas\u0131nda toplam 11 madalya kazanarak ikinci s\u0131ray\u0131 kazand\u0131. Suriye tak\u0131m\u0131 d\u00fcn ak\u015fam faaliyetleri sona eren \u015fampiyonlukta 6 alt\u0131n, 3 g\u00fcm\u00fc\u015f ve iki bronz madalya olmak \u00fczere toplam 11 madalya kazand\u0131. G\u00fcre\u015f Federasyonu Ba\u015fkan\u0131 Ahmet Cuma; Suriye tak\u0131m\u0131n\u0131n \u015fampiyonluk s\u00fcresince herkesin dikkatini \u00e7eken \u00fcst\u00fcn bir performasyon sergilediklerine &hellip;<\/p>\n","protected":false},"author":1,"featured_media":143776,"comment_status":"closed","ping_status":"closed","sticky":false,"template":"","format":"standard","meta":{"footnotes":""},"categories":[458,498,459,17988,496],"tags":[35668,35667,7324,35666],"class_list":["post-143774","post","type-post","status-publish","format-standard","has-post-thumbnail","","category-dunya1","category-dunya-turnuvalari","category-haberler-arap-uluslararasi-politika","category-son-haberler","category-spor","tag-11-madalya","tag-akdeniz-gures-sampiyonasi","tag-cezayir","tag-suriye-gures-takimi"],"_links":{"self":[{"href":"https:\/\/archive.sana.sy\/tr\/index.php?rest_route=\/wp\/v2\/posts\/143774","targetHints":{"allow":["GET"]}}],"collection":[{"href":"https:\/\/archive.sana.sy\/tr\/index.php?rest_route=\/wp\/v2\/posts"}],"about":[{"href":"https:\/\/archive.sana.sy\/tr\/index.php?rest_route=\/wp\/v2\/types\/post"}],"author":[{"embeddable":true,"href":"https:\/\/archive.sana.sy\/tr\/index.php?rest_route=\/wp\/v2\/users\/1"}],"replies":[{"embeddable":true,"href":"https:\/\/archive.sana.sy\/tr\/index.php?rest_route=%2Fwp%2Fv2%2Fcomments&post=143774"}],"version-history":[{"count":0,"href":"https:\/\/archive.sana.sy\/tr\/index.php?rest_route=\/wp\/v2\/posts\/143774\/revisions"}],"wp:featuredmedia":[{"embeddable":true,"href":"https:\/\/archive.sana.sy\/tr\/index.php?rest_route=\/wp\/v2\/media\/143776"}],"wp:attachment":[{"href":"https:\/\/archive.sana.sy\/tr\/index.php?rest_route=%2Fwp%2Fv2%2Fmedia&parent=143774"}],"wp:term":[{"taxonomy":"category","embeddable":true,"href":"https:\/\/archive.sana.sy\/tr\/index.php?rest_route=%2Fwp%2Fv2%2Fcategories&post=143774"},{"taxonomy":"post_tag","embeddable":true,"href":"https:\/\/archive.sana.sy\/tr\/index.php?rest_route=%2Fwp%2Fv2%2Ftags&post=143774"}],"curies":[{"name":"wp","href":"https:\/\/api.w.org\/{rel}","templated":true}]}}