{"id":143783,"date":"2018-04-01T13:00:10","date_gmt":"2018-04-01T10:00:10","guid":{"rendered":"https:\/\/www.sana.sy\/tr\/?p=143783"},"modified":"2018-04-01T13:00:10","modified_gmt":"2018-04-01T10:00:10","slug":"sana-muhabiri-sam-kirsali-duma-kentinde-bulunan-teroristlerin-kenti-terk-etmelerini-on-goren-uzlasmayi-kabul-ettiklerine-dair-haberler-geldigini-aktardi","status":"publish","type":"post","link":"https:\/\/archive.sana.sy\/tr\/?p=143783","title":{"rendered":"SANA muhabiri \u015eam k\u0131rsal\u0131 Duma Kentinde bulunan ter\u00f6ristlerin kenti terk etmelerini \u00f6n g\u00f6ren uzla\u015fmay\u0131 kabul ettiklerine dair haberler geldi\u011fini aktard\u0131"},"content":{"rendered":"<p>SANA muhabiri \u015eam k\u0131rsal\u0131 Duma Kentinde bulunan ter\u00f6ristlerin kenti terk etmelerini \u00f6n g\u00f6ren uzla\u015fmay\u0131 kabul ettiklerine dair haberler geldi\u011fini aktard\u0131<\/p>\n","protected":false},"excerpt":{"rendered":"<p>SANA muhabiri \u015eam k\u0131rsal\u0131 Duma Kentinde bulunan ter\u00f6ristlerin kenti terk etmelerini \u00f6n g\u00f6ren uzla\u015fmay\u0131 kabul ettiklerine dair haberler geldi\u011fini aktard\u0131<\/p>\n","protected":false},"author":1,"featured_media":0,"comment_status":"closed","ping_status":"closed","sticky":false,"template":"","format":"standard","meta":{"footnotes":""},"categories":[17991],"tags":[],"class_list":["post-143783","post","type-post","status-publish","format-standard","","category-son-dakika"],"_links":{"self":[{"href":"https:\/\/archive.sana.sy\/tr\/index.php?rest_route=\/wp\/v2\/posts\/143783","targetHints":{"allow":["GET"]}}],"collection":[{"href":"https:\/\/archive.sana.sy\/tr\/index.php?rest_route=\/wp\/v2\/posts"}],"about":[{"href":"https:\/\/archive.sana.sy\/tr\/index.php?rest_route=\/wp\/v2\/types\/post"}],"author":[{"embeddable":true,"href":"https:\/\/archive.sana.sy\/tr\/index.php?rest_route=\/wp\/v2\/users\/1"}],"replies":[{"embeddable":true,"href":"https:\/\/archive.sana.sy\/tr\/index.php?rest_route=%2Fwp%2Fv2%2Fcomments&post=143783"}],"version-history":[{"count":0,"href":"https:\/\/archive.sana.sy\/tr\/index.php?rest_route=\/wp\/v2\/posts\/143783\/revisions"}],"wp:attachment":[{"href":"https:\/\/archive.sana.sy\/tr\/index.php?rest_route=%2Fwp%2Fv2%2Fmedia&parent=143783"}],"wp:term":[{"taxonomy":"category","embeddable":true,"href":"https:\/\/archive.sana.sy\/tr\/index.php?rest_route=%2Fwp%2Fv2%2Fcategories&post=143783"},{"taxonomy":"post_tag","embeddable":true,"href":"https:\/\/archive.sana.sy\/tr\/index.php?rest_route=%2Fwp%2Fv2%2Ftags&post=143783"}],"curies":[{"name":"wp","href":"https:\/\/api.w.org\/{rel}","templated":true}]}}