{"id":143879,"date":"2018-04-01T17:06:43","date_gmt":"2018-04-01T14:06:43","guid":{"rendered":"https:\/\/www.sana.sy\/tr\/?p=143879"},"modified":"2018-04-02T10:00:01","modified_gmt":"2018-04-02T07:00:01","slug":"sivil-toplum-faaliyetleri-yogun-cabalar-harciyor","status":"publish","type":"post","link":"https:\/\/archive.sana.sy\/tr\/?p=143879","title":{"rendered":"Sivil Toplum Faaliyetleri Yo\u011fun \u00c7abalar Harc\u0131yor"},"content":{"rendered":"<p>\u015eAM KIRSALI \u2013 Sivil toplum faaliyetleri ve hay\u0131r cemiyetleri, \u015eam k\u0131rsal\u0131 Do\u011fu \u011euta\u2019n\u0131n ordu birliklerimiz taraf\u0131ndan kurtar\u0131lmas\u0131 ard\u0131ndan b\u00f6lge ahalisinin y\u0131llard\u0131r ya\u015fad\u0131klar\u0131 ac\u0131lar\u0131 hafifletme ve temel gereksinimlerini temin etme ama\u00e7l\u0131 yo\u011fun \u00e7abalar harc\u0131yor.<\/p>\n<p>S\u00f6z konusu faaliyetler gerek Do\u011fu \u011euta\u2019da ter\u00f6rden ka\u00e7an masum vatanda\u015flar\u0131n aktar\u0131ld\u0131klar\u0131 ge\u00e7ici ikamet merkezlerinde, gerekse ordu birliklerimizin beldelerini kurtarmalar\u0131 ard\u0131ndan evlerinde kalan vatanda\u015flara g\u0131da ve sa\u011fl\u0131k hizmetleri temin etmeye \u00e7al\u0131\u015f\u0131yor.<\/p>\n<p>\u00c7al\u0131\u015fma ve Sosyal \u0130\u015fler Bakanl\u0131\u011f\u0131 ile i\u015fbirli\u011fi i\u00e7inde y\u00fcr\u00fct\u00fclen \u00e7abalarda ter\u00f6r ma\u011fduru ailelere \u00f6zellikle ya\u015fl\u0131, \u00e7ocuk ve kad\u0131nlar\u0131n giyim, gida ve sa\u011fl\u0131k gereksinimlerinin temin edilmesine b\u00fcy\u00fck \u00f6zen g\u00f6steriliyor.<\/p>\n<p>K.\u00d6.<\/p>\n","protected":false},"excerpt":{"rendered":"<p>\u015eAM KIRSALI \u2013 Sivil toplum faaliyetleri ve hay\u0131r cemiyetleri, \u015eam k\u0131rsal\u0131 Do\u011fu \u011euta\u2019n\u0131n ordu birliklerimiz taraf\u0131ndan kurtar\u0131lmas\u0131 ard\u0131ndan b\u00f6lge ahalisinin y\u0131llard\u0131r ya\u015fad\u0131klar\u0131 ac\u0131lar\u0131 hafifletme ve temel gereksinimlerini temin etme ama\u00e7l\u0131 yo\u011fun \u00e7abalar harc\u0131yor. S\u00f6z konusu faaliyetler gerek Do\u011fu \u011euta\u2019da ter\u00f6rden ka\u00e7an masum vatanda\u015flar\u0131n aktar\u0131ld\u0131klar\u0131 ge\u00e7ici ikamet merkezlerinde, gerekse ordu birliklerimizin beldelerini kurtarmalar\u0131 ard\u0131ndan evlerinde kalan &hellip;<\/p>\n","protected":false},"author":1,"featured_media":143927,"comment_status":"closed","ping_status":"closed","sticky":false,"template":"","format":"standard","meta":{"footnotes":""},"categories":[479,17988,478],"tags":[25472,17322,35675,35674,2297,16591,22181,35673],"class_list":["post-143879","post","type-post","status-publish","format-standard","has-post-thumbnail","","category-haberler-yerel","category-son-haberler","category-yerel","tag-calisma-ve-sosyal-isler-bakani","tag-dogu-guta","tag-gecici-ikamet-yerleri","tag-giyecek-yardimi","tag-sam-kirsali","tag-suriye","tag-suriyeliler","tag-terorden-kurtarilan-vatandaslara-yardim"],"_links":{"self":[{"href":"https:\/\/archive.sana.sy\/tr\/index.php?rest_route=\/wp\/v2\/posts\/143879","targetHints":{"allow":["GET"]}}],"collection":[{"href":"https:\/\/archive.sana.sy\/tr\/index.php?rest_route=\/wp\/v2\/posts"}],"about":[{"href":"https:\/\/archive.sana.sy\/tr\/index.php?rest_route=\/wp\/v2\/types\/post"}],"author":[{"embeddable":true,"href":"https:\/\/archive.sana.sy\/tr\/index.php?rest_route=\/wp\/v2\/users\/1"}],"replies":[{"embeddable":true,"href":"https:\/\/archive.sana.sy\/tr\/index.php?rest_route=%2Fwp%2Fv2%2Fcomments&post=143879"}],"version-history":[{"count":0,"href":"https:\/\/archive.sana.sy\/tr\/index.php?rest_route=\/wp\/v2\/posts\/143879\/revisions"}],"wp:featuredmedia":[{"embeddable":true,"href":"https:\/\/archive.sana.sy\/tr\/index.php?rest_route=\/wp\/v2\/media\/143927"}],"wp:attachment":[{"href":"https:\/\/archive.sana.sy\/tr\/index.php?rest_route=%2Fwp%2Fv2%2Fmedia&parent=143879"}],"wp:term":[{"taxonomy":"category","embeddable":true,"href":"https:\/\/archive.sana.sy\/tr\/index.php?rest_route=%2Fwp%2Fv2%2Fcategories&post=143879"},{"taxonomy":"post_tag","embeddable":true,"href":"https:\/\/archive.sana.sy\/tr\/index.php?rest_route=%2Fwp%2Fv2%2Ftags&post=143879"}],"curies":[{"name":"wp","href":"https:\/\/api.w.org\/{rel}","templated":true}]}}