{"id":143979,"date":"2018-04-02T12:27:42","date_gmt":"2018-04-02T09:27:42","guid":{"rendered":"https:\/\/www.sana.sy\/tr\/?p=143979"},"modified":"2018-04-02T12:27:42","modified_gmt":"2018-04-02T09:27:42","slug":"sam-kirsali-dogu-gutanin-vafidin-bolgesinde-sana-muhabiri-duma-kenti-ve-ahalisini-terorden-kurtarma-cabalarinda-bugun-ceysul-islama-tabi-teroristleri-ve-ailelerini-tasiyan-2-otobusun","status":"publish","type":"post","link":"https:\/\/archive.sana.sy\/tr\/?p=143979","title":{"rendered":"\u015eam k\u0131rsal\u0131 Do\u011fu \u011euta\u2019n\u0131n Vafidin B\u00f6lgesinde SANA muhabiri Duma Kenti ve ahalisini ter\u00f6rden kurtarma \u00e7abalar\u0131nda bug\u00fcn Cey\u015ful \u0130slam\u2019a tabi ter\u00f6ristleri ve ailelerini ta\u015f\u0131yan 2 otob\u00fcs\u00fcn \u00e7\u0131kt\u0131\u011f\u0131n\u0131 aktard\u0131"},"content":{"rendered":"<p>\u015eam k\u0131rsal\u0131 Do\u011fu \u011euta\u2019n\u0131n Vafidin B\u00f6lgesinde SANA muhabiri Duma Kenti ve ahalisini ter\u00f6rden kurtarma \u00e7abalar\u0131nda bug\u00fcn Cey\u015ful \u0130slam\u2019a tabi ter\u00f6ristleri ve ailelerini ta\u015f\u0131yan 2 otob\u00fcs\u00fcn \u00e7\u0131kt\u0131\u011f\u0131n\u0131 aktard\u0131<\/p>\n","protected":false},"excerpt":{"rendered":"<p>\u015eam k\u0131rsal\u0131 Do\u011fu \u011euta\u2019n\u0131n Vafidin B\u00f6lgesinde SANA muhabiri Duma Kenti ve ahalisini ter\u00f6rden kurtarma \u00e7abalar\u0131nda bug\u00fcn Cey\u015ful \u0130slam\u2019a tabi ter\u00f6ristleri ve ailelerini ta\u015f\u0131yan 2 otob\u00fcs\u00fcn \u00e7\u0131kt\u0131\u011f\u0131n\u0131 aktard\u0131<\/p>\n","protected":false},"author":1,"featured_media":0,"comment_status":"closed","ping_status":"closed","sticky":false,"template":"","format":"standard","meta":{"footnotes":""},"categories":[17991],"tags":[],"class_list":["post-143979","post","type-post","status-publish","format-standard","","category-son-dakika"],"_links":{"self":[{"href":"https:\/\/archive.sana.sy\/tr\/index.php?rest_route=\/wp\/v2\/posts\/143979","targetHints":{"allow":["GET"]}}],"collection":[{"href":"https:\/\/archive.sana.sy\/tr\/index.php?rest_route=\/wp\/v2\/posts"}],"about":[{"href":"https:\/\/archive.sana.sy\/tr\/index.php?rest_route=\/wp\/v2\/types\/post"}],"author":[{"embeddable":true,"href":"https:\/\/archive.sana.sy\/tr\/index.php?rest_route=\/wp\/v2\/users\/1"}],"replies":[{"embeddable":true,"href":"https:\/\/archive.sana.sy\/tr\/index.php?rest_route=%2Fwp%2Fv2%2Fcomments&post=143979"}],"version-history":[{"count":0,"href":"https:\/\/archive.sana.sy\/tr\/index.php?rest_route=\/wp\/v2\/posts\/143979\/revisions"}],"wp:attachment":[{"href":"https:\/\/archive.sana.sy\/tr\/index.php?rest_route=%2Fwp%2Fv2%2Fmedia&parent=143979"}],"wp:term":[{"taxonomy":"category","embeddable":true,"href":"https:\/\/archive.sana.sy\/tr\/index.php?rest_route=%2Fwp%2Fv2%2Fcategories&post=143979"},{"taxonomy":"post_tag","embeddable":true,"href":"https:\/\/archive.sana.sy\/tr\/index.php?rest_route=%2Fwp%2Fv2%2Ftags&post=143979"}],"curies":[{"name":"wp","href":"https:\/\/api.w.org\/{rel}","templated":true}]}}