{"id":143980,"date":"2018-04-02T12:30:17","date_gmt":"2018-04-02T09:30:17","guid":{"rendered":"https:\/\/www.sana.sy\/tr\/?p=143980"},"modified":"2018-04-03T14:38:11","modified_gmt":"2018-04-03T11:38:11","slug":"suriye-6-madalya-kazandi-4","status":"publish","type":"post","link":"https:\/\/archive.sana.sy\/tr\/?p=143980","title":{"rendered":"Suriye 6 Madalya Kazand\u0131"},"content":{"rendered":"<p>AMMAN \u2013 \u00dcrd\u00fcn\u2019\u00fcn ba\u015fkenti Amman\u2019da d\u00fcn ak\u015fam faaliyetleri sona eren Bat\u0131 Asya \u015eampiyonas\u0131na kat\u0131lan Suriye tenis tak\u0131m\u0131 1 g\u00fcm\u00fc\u015f ve 5 bronz olmak \u00fczere toplam 6 madalya kazand\u0131.<\/p>\n<p>Tenis Federasyonu Ba\u015fkan\u0131 Mamun Kellas yapt\u0131\u011f\u0131 a\u00e7\u0131klamada; Suriye tak\u0131m\u0131n\u0131n g\u00fczel bir ba\u015far\u0131 kaydetti\u011fine i\u015faret ederken, uluslar aras\u0131 \u015fampiyonluklarda daha b\u00fcy\u00fck ba\u015far\u0131lara imza atmak i\u00e7in tak\u0131m\u0131n performans\u0131n\u0131 artt\u0131raca\u011f\u0131n\u0131 ifade etti.<\/p>\n<p><a href=\"https:\/\/www.sana.sy\/tr\/wp-content\/uploads\/2018\/04\/2-8.jpg\"><img loading=\"lazy\" decoding=\"async\" class=\"aligncenter wp-image-144108 size-full\" src=\"https:\/\/www.sana.sy\/tr\/wp-content\/uploads\/2018\/04\/2-8.jpg\" alt=\"\" width=\"660\" height=\"330\" srcset=\"https:\/\/archive.sana.sy\/tr\/wp-content\/uploads\/2018\/04\/2-8.jpg 660w, https:\/\/archive.sana.sy\/tr\/wp-content\/uploads\/2018\/04\/2-8-150x75.jpg 150w, https:\/\/archive.sana.sy\/tr\/wp-content\/uploads\/2018\/04\/2-8-300x150.jpg 300w\" sizes=\"auto, (max-width: 660px) 100vw, 660px\" \/><\/a><\/p>\n","protected":false},"excerpt":{"rendered":"<p>AMMAN \u2013 \u00dcrd\u00fcn\u2019\u00fcn ba\u015fkenti Amman\u2019da d\u00fcn ak\u015fam faaliyetleri sona eren Bat\u0131 Asya \u015eampiyonas\u0131na kat\u0131lan Suriye tenis tak\u0131m\u0131 1 g\u00fcm\u00fc\u015f ve 5 bronz olmak \u00fczere toplam 6 madalya kazand\u0131. Tenis Federasyonu Ba\u015fkan\u0131 Mamun Kellas yapt\u0131\u011f\u0131 a\u00e7\u0131klamada; Suriye tak\u0131m\u0131n\u0131n g\u00fczel bir ba\u015far\u0131 kaydetti\u011fine i\u015faret ederken, uluslar aras\u0131 \u015fampiyonluklarda daha b\u00fcy\u00fck ba\u015far\u0131lara imza atmak i\u00e7in tak\u0131m\u0131n performans\u0131n\u0131 artt\u0131raca\u011f\u0131n\u0131 &hellip;<\/p>\n","protected":false},"author":1,"featured_media":144107,"comment_status":"closed","ping_status":"closed","sticky":false,"template":"","format":"standard","meta":{"footnotes":""},"categories":[498,17988,496],"tags":[34648,16591,27728,29226,22181,35688],"class_list":["post-143980","post","type-post","status-publish","format-standard","has-post-thumbnail","","category-dunya-turnuvalari","category-son-haberler","category-spor","tag-bati-asya-sampiyonasi","tag-suriye","tag-suriye-takimi","tag-suriyeli-sporcular","tag-suriyeliler","tag-teniz-sampiyonasi"],"_links":{"self":[{"href":"https:\/\/archive.sana.sy\/tr\/index.php?rest_route=\/wp\/v2\/posts\/143980","targetHints":{"allow":["GET"]}}],"collection":[{"href":"https:\/\/archive.sana.sy\/tr\/index.php?rest_route=\/wp\/v2\/posts"}],"about":[{"href":"https:\/\/archive.sana.sy\/tr\/index.php?rest_route=\/wp\/v2\/types\/post"}],"author":[{"embeddable":true,"href":"https:\/\/archive.sana.sy\/tr\/index.php?rest_route=\/wp\/v2\/users\/1"}],"replies":[{"embeddable":true,"href":"https:\/\/archive.sana.sy\/tr\/index.php?rest_route=%2Fwp%2Fv2%2Fcomments&post=143980"}],"version-history":[{"count":0,"href":"https:\/\/archive.sana.sy\/tr\/index.php?rest_route=\/wp\/v2\/posts\/143980\/revisions"}],"wp:featuredmedia":[{"embeddable":true,"href":"https:\/\/archive.sana.sy\/tr\/index.php?rest_route=\/wp\/v2\/media\/144107"}],"wp:attachment":[{"href":"https:\/\/archive.sana.sy\/tr\/index.php?rest_route=%2Fwp%2Fv2%2Fmedia&parent=143980"}],"wp:term":[{"taxonomy":"category","embeddable":true,"href":"https:\/\/archive.sana.sy\/tr\/index.php?rest_route=%2Fwp%2Fv2%2Fcategories&post=143980"},{"taxonomy":"post_tag","embeddable":true,"href":"https:\/\/archive.sana.sy\/tr\/index.php?rest_route=%2Fwp%2Fv2%2Ftags&post=143980"}],"curies":[{"name":"wp","href":"https:\/\/api.w.org\/{rel}","templated":true}]}}