{"id":14409,"date":"2014-11-02T09:29:11","date_gmt":"2014-11-02T07:29:11","guid":{"rendered":"http:\/\/www.sana.sy\/tr\/?p=14409"},"modified":"2014-11-02T09:29:11","modified_gmt":"2014-11-02T07:29:11","slug":"suveydada-suriye-diz-cokmeyecek-festivali-basladi","status":"publish","type":"post","link":"https:\/\/archive.sana.sy\/tr\/?p=14409","title":{"rendered":"S\u00fcveyda\u2019da Suriye Diz \u00c7\u00f6kmeyecek Festivali Ba\u015flad\u0131"},"content":{"rendered":"<p>S\u00dcVEYDA \u2013 S\u00fcveyda\u2019da Suriye Kom\u00fcnist Partisinin, kurulu\u015funun 90. Y\u0131ld\u00f6n\u00fcm\u00fc m\u00fcnasebetiyle \u201cSuriye Diz \u00c7\u00f6kmeyecek\u201d \u015fiar\u0131 alt\u0131nda d\u00fczenlenen festival faaliyetlerine ba\u015flad\u0131.<\/p>\n<p>Faaliyetlerine bug\u00fcn ba\u015flayan festival; resim, foto\u011fraf, karikat\u00fcr ve kitap sergileri m\u00fczik dinletileri ve film g\u00f6sterimleri gibi faaliyetler i\u00e7eriyor.<\/p>\n<p>Suriye Kom\u00fcnist Partisinin kurulu\u015fu ve tarihinin k\u0131saca anlat\u0131m\u0131yla ba\u015flayan festival a\u00e7\u0131l\u0131\u015f\u0131nda ayr\u0131ca Suriye\u2019nin destans\u0131 direni\u015fine dikkat \u00e7ekilerek b\u00f6ylesi bir direni\u015fin ancak bilin\u00e7li bir halk ve kahraman bir orduyla hayata ge\u00e7irilebilece\u011fi belirtildi.<\/p>\n<p>Bir hafta s\u00fcrecek festival etkinlikleri aras\u0131nda Suriye\u2019nin uluslararas\u0131 ter\u00f6r ve yapt\u0131r\u0131m sald\u0131r\u0131lar\u0131na kar\u015f\u0131 direni\u015fini konu alan tiyatro, s\u00f6yle\u015fi ve belgesel g\u00f6sterimleri de yeral\u0131yor.<\/p>\n<div id='gallery-1' class='gallery galleryid-14409 gallery-columns-3 gallery-size-thumbnail'><figure class='gallery-item'>\n\t\t\t<div class='gallery-icon landscape'>\n\t\t\t\t<a href='https:\/\/archive.sana.sy\/tr\/wp-content\/uploads\/2014\/11\/festivali-21.jpg'><img loading=\"lazy\" decoding=\"async\" width=\"150\" height=\"83\" src=\"https:\/\/archive.sana.sy\/tr\/wp-content\/uploads\/2014\/11\/festivali-21-150x83.jpg\" class=\"attachment-thumbnail size-thumbnail\" alt=\"\" srcset=\"https:\/\/archive.sana.sy\/tr\/wp-content\/uploads\/2014\/11\/festivali-21-150x83.jpg 150w, https:\/\/archive.sana.sy\/tr\/wp-content\/uploads\/2014\/11\/festivali-21-300x167.jpg 300w, https:\/\/archive.sana.sy\/tr\/wp-content\/uploads\/2014\/11\/festivali-21-1024x571.jpg 1024w\" sizes=\"auto, (max-width: 150px) 100vw, 150px\" \/><\/a>\n\t\t\t<\/div><\/figure><figure class='gallery-item'>\n\t\t\t<div class='gallery-icon landscape'>\n\t\t\t\t<a href='https:\/\/archive.sana.sy\/tr\/wp-content\/uploads\/2014\/11\/festivali-3.jpg'><img loading=\"lazy\" decoding=\"async\" width=\"150\" height=\"93\" src=\"https:\/\/archive.sana.sy\/tr\/wp-content\/uploads\/2014\/11\/festivali-3-150x93.jpg\" class=\"attachment-thumbnail size-thumbnail\" alt=\"\" srcset=\"https:\/\/archive.sana.sy\/tr\/wp-content\/uploads\/2014\/11\/festivali-3-150x93.jpg 150w, https:\/\/archive.sana.sy\/tr\/wp-content\/uploads\/2014\/11\/festivali-3-300x187.jpg 300w, https:\/\/archive.sana.sy\/tr\/wp-content\/uploads\/2014\/11\/festivali-3-1024x639.jpg 1024w\" sizes=\"auto, (max-width: 150px) 100vw, 150px\" \/><\/a>\n\t\t\t<\/div><\/figure><figure class='gallery-item'>\n\t\t\t<div class='gallery-icon landscape'>\n\t\t\t\t<a href='https:\/\/archive.sana.sy\/tr\/wp-content\/uploads\/2014\/11\/festivali-4.jpg'><img loading=\"lazy\" decoding=\"async\" width=\"150\" height=\"91\" src=\"https:\/\/archive.sana.sy\/tr\/wp-content\/uploads\/2014\/11\/festivali-4-150x91.jpg\" class=\"attachment-thumbnail size-thumbnail\" alt=\"\" srcset=\"https:\/\/archive.sana.sy\/tr\/wp-content\/uploads\/2014\/11\/festivali-4-150x91.jpg 150w, https:\/\/archive.sana.sy\/tr\/wp-content\/uploads\/2014\/11\/festivali-4-300x183.jpg 300w, https:\/\/archive.sana.sy\/tr\/wp-content\/uploads\/2014\/11\/festivali-4-1024x626.jpg 1024w\" sizes=\"auto, (max-width: 150px) 100vw, 150px\" \/><\/a>\n\t\t\t<\/div><\/figure>\n\t\t<\/div>\n\n","protected":false},"excerpt":{"rendered":"<p>S\u00dcVEYDA \u2013 S\u00fcveyda\u2019da Suriye Kom\u00fcnist Partisinin, kurulu\u015funun 90. Y\u0131ld\u00f6n\u00fcm\u00fc m\u00fcnasebetiyle \u201cSuriye Diz \u00c7\u00f6kmeyecek\u201d \u015fiar\u0131 alt\u0131nda d\u00fczenlenen festival faaliyetlerine ba\u015flad\u0131. Faaliyetlerine bug\u00fcn ba\u015flayan festival; resim, foto\u011fraf, karikat\u00fcr ve kitap sergileri m\u00fczik dinletileri ve film g\u00f6sterimleri gibi faaliyetler i\u00e7eriyor. Suriye Kom\u00fcnist Partisinin kurulu\u015fu ve tarihinin k\u0131saca anlat\u0131m\u0131yla ba\u015flayan festival a\u00e7\u0131l\u0131\u015f\u0131nda ayr\u0131ca Suriye\u2019nin destans\u0131 direni\u015fine dikkat \u00e7ekilerek b\u00f6ylesi &hellip;<\/p>\n","protected":false},"author":1,"featured_media":14410,"comment_status":"closed","ping_status":"closed","sticky":false,"template":"","format":"standard","meta":{"footnotes":""},"categories":[511],"tags":[4789,4790,4788,4791,4787],"class_list":["post-14409","post","type-post","status-publish","format-standard","has-post-thumbnail","","category-kultur-ve-sanat","tag-fotograf-2","tag-karikatur-ve-kitap-sergileri-muzik-dinletileri-ve-film-gosterimleri-gibi-faaliyetler-iceriyor-suriye-komunist-partisinin-kurulusu-ve-tarihinin-kisaca-anlatimiyla-baslayan-festival-acilisinda-ayrica-s","tag-kurulusunun-90-yildonumu-munasebetiyle-suriye-diz-cokmeyecek-siari-altinda-duzenlenen-festival-faaliyetlerine-basladi-faaliyetlerine-bugun-baslayan-festival-resim","tag-soylesi-ve-belgesel-gosterimleri-de-yeraliyor","tag-suveydada-suriye-diz-cokmeyecek-festivali-basladi-suveyda-suveydada-suriye-komunist-partisinin"],"_links":{"self":[{"href":"https:\/\/archive.sana.sy\/tr\/index.php?rest_route=\/wp\/v2\/posts\/14409","targetHints":{"allow":["GET"]}}],"collection":[{"href":"https:\/\/archive.sana.sy\/tr\/index.php?rest_route=\/wp\/v2\/posts"}],"about":[{"href":"https:\/\/archive.sana.sy\/tr\/index.php?rest_route=\/wp\/v2\/types\/post"}],"author":[{"embeddable":true,"href":"https:\/\/archive.sana.sy\/tr\/index.php?rest_route=\/wp\/v2\/users\/1"}],"replies":[{"embeddable":true,"href":"https:\/\/archive.sana.sy\/tr\/index.php?rest_route=%2Fwp%2Fv2%2Fcomments&post=14409"}],"version-history":[{"count":0,"href":"https:\/\/archive.sana.sy\/tr\/index.php?rest_route=\/wp\/v2\/posts\/14409\/revisions"}],"wp:featuredmedia":[{"embeddable":true,"href":"https:\/\/archive.sana.sy\/tr\/index.php?rest_route=\/wp\/v2\/media\/14410"}],"wp:attachment":[{"href":"https:\/\/archive.sana.sy\/tr\/index.php?rest_route=%2Fwp%2Fv2%2Fmedia&parent=14409"}],"wp:term":[{"taxonomy":"category","embeddable":true,"href":"https:\/\/archive.sana.sy\/tr\/index.php?rest_route=%2Fwp%2Fv2%2Fcategories&post=14409"},{"taxonomy":"post_tag","embeddable":true,"href":"https:\/\/archive.sana.sy\/tr\/index.php?rest_route=%2Fwp%2Fv2%2Ftags&post=14409"}],"curies":[{"name":"wp","href":"https:\/\/api.w.org\/{rel}","templated":true}]}}