{"id":14426,"date":"2014-11-02T10:42:55","date_gmt":"2014-11-02T08:42:55","guid":{"rendered":"http:\/\/www.sana.sy\/tr\/?p=14426"},"modified":"2014-11-02T10:42:55","modified_gmt":"2014-11-02T08:42:55","slug":"teroristlerin-sivilleri-hedef-alan-saldirilari-devam-ediyor-1-sehit-3-yarali","status":"publish","type":"post","link":"https:\/\/archive.sana.sy\/tr\/?p=14426","title":{"rendered":"Ter\u00f6ristlerin Sivilleri Hedef Alan Sald\u0131r\u0131lar\u0131 devam Ediyor.. 1 \u015eehit 3 Yaral\u0131"},"content":{"rendered":"<p>\u015eAM KIRSALI \u2013 ter\u00f6ristlerin bug\u00fcn \u015eAm K\u0131rsal\u0131 Kebbas Semtine f\u0131rlatt\u0131klar\u0131 havan f\u00fczesiyle d\u00fczenledikleri ter\u00f6r sald\u0131r\u0131s\u0131 sonucunda 1 vatanda\u015f \u015fehit d\u00fc\u015ft\u00fc 3 ki\u015fi de yaraland\u0131.<\/p>\n<p>\u0130l Emniyet M\u00fcd\u00fcrl\u00fc\u011f\u00fcnde bir kaynak SANA muhabirine a\u00e7\u0131klamas\u0131nda, ter\u00f6ristlerin f\u0131rlatt\u0131\u011f\u0131 havan f\u00fczesinin Kebbas Semtine d\u00fc\u015ft\u00fc\u011f\u00fcn\u00fc, bunun sonucunda 1 vatanda\u015f\u0131 \u015fehit d\u00fc\u015ft\u00fc\u011f\u00fcn\u00fc 3 ki\u015finin de yaraland\u0131\u011f\u0131n\u0131 olay yerinde de maddi zararlar\u0131n meydana geldi\u011fini s\u00f6yledi.<\/p>\n","protected":false},"excerpt":{"rendered":"<p>\u015eAM KIRSALI \u2013 ter\u00f6ristlerin bug\u00fcn \u015eAm K\u0131rsal\u0131 Kebbas Semtine f\u0131rlatt\u0131klar\u0131 havan f\u00fczesiyle d\u00fczenledikleri ter\u00f6r sald\u0131r\u0131s\u0131 sonucunda 1 vatanda\u015f \u015fehit d\u00fc\u015ft\u00fc 3 ki\u015fi de yaraland\u0131. \u0130l Emniyet M\u00fcd\u00fcrl\u00fc\u011f\u00fcnde bir kaynak SANA muhabirine a\u00e7\u0131klamas\u0131nda, ter\u00f6ristlerin f\u0131rlatt\u0131\u011f\u0131 havan f\u00fczesinin Kebbas Semtine d\u00fc\u015ft\u00fc\u011f\u00fcn\u00fc, bunun sonucunda 1 vatanda\u015f\u0131 \u015fehit d\u00fc\u015ft\u00fc\u011f\u00fcn\u00fc 3 ki\u015finin de yaraland\u0131\u011f\u0131n\u0131 olay yerinde de maddi zararlar\u0131n meydana &hellip;<\/p>\n","protected":false},"author":1,"featured_media":14428,"comment_status":"closed","ping_status":"closed","sticky":false,"template":"","format":"standard","meta":{"footnotes":""},"categories":[575],"tags":[4815,4814,4813],"class_list":["post-14426","post","type-post","status-publish","format-standard","has-post-thumbnail","","category-olaylar-ve-gercekler","tag-bunun-sonucunda-1-vatandasi-sehit-dustugunu-3-kisinin-de-yaralandigini-olay-yerinde-de-maddi-zararlarin-meydana-geldigini-soyledi","tag-teroristlerin-firlattigi-havan-fuzesinin-kebbas-semtine-dustugunu","tag-teroristlerin-sivilleri-hedef-alan-saldirilari-devam-ediyor-1-sehit-3-yarali-sam-kirsali-teroristlerin-bugun-sam-kirsali-kebbas-semtine-firlattiklari-havan-fuzesiyle-duzenledikleri-teror"],"_links":{"self":[{"href":"https:\/\/archive.sana.sy\/tr\/index.php?rest_route=\/wp\/v2\/posts\/14426","targetHints":{"allow":["GET"]}}],"collection":[{"href":"https:\/\/archive.sana.sy\/tr\/index.php?rest_route=\/wp\/v2\/posts"}],"about":[{"href":"https:\/\/archive.sana.sy\/tr\/index.php?rest_route=\/wp\/v2\/types\/post"}],"author":[{"embeddable":true,"href":"https:\/\/archive.sana.sy\/tr\/index.php?rest_route=\/wp\/v2\/users\/1"}],"replies":[{"embeddable":true,"href":"https:\/\/archive.sana.sy\/tr\/index.php?rest_route=%2Fwp%2Fv2%2Fcomments&post=14426"}],"version-history":[{"count":0,"href":"https:\/\/archive.sana.sy\/tr\/index.php?rest_route=\/wp\/v2\/posts\/14426\/revisions"}],"wp:featuredmedia":[{"embeddable":true,"href":"https:\/\/archive.sana.sy\/tr\/index.php?rest_route=\/wp\/v2\/media\/14428"}],"wp:attachment":[{"href":"https:\/\/archive.sana.sy\/tr\/index.php?rest_route=%2Fwp%2Fv2%2Fmedia&parent=14426"}],"wp:term":[{"taxonomy":"category","embeddable":true,"href":"https:\/\/archive.sana.sy\/tr\/index.php?rest_route=%2Fwp%2Fv2%2Fcategories&post=14426"},{"taxonomy":"post_tag","embeddable":true,"href":"https:\/\/archive.sana.sy\/tr\/index.php?rest_route=%2Fwp%2Fv2%2Ftags&post=14426"}],"curies":[{"name":"wp","href":"https:\/\/api.w.org\/{rel}","templated":true}]}}