{"id":14433,"date":"2014-11-02T11:04:31","date_gmt":"2014-11-02T09:04:31","guid":{"rendered":"http:\/\/www.sana.sy\/tr\/?p=14433"},"modified":"2014-11-02T11:04:31","modified_gmt":"2014-11-02T09:04:31","slug":"erdogan-suriye-topraklarina-sizmak-icin-isid-teror-orgutune-bel-baglamakla-hayal-goruyor","status":"publish","type":"post","link":"https:\/\/archive.sana.sy\/tr\/?p=14433","title":{"rendered":"Erdo\u011fan Suriye Topraklar\u0131na S\u0131zmak \u0130\u00e7in I\u015e\u0130D Ter\u00f6r \u00d6rg\u00fct\u00fcne Bel Ba\u011flamakla Hayal G\u00f6r\u00fcyor"},"content":{"rendered":"<p>TAHRAN \u2013 Arap\u00e7a dilinde yay\u0131n yapan \u0130ranl\u0131 Keyhan Gazetesi, kom\u015fu \u00fclkelerle s\u0131f\u0131r sorun \u015fiar\u0131yla ba\u015flayan Erdo\u011fanc\u0131 politikan\u0131n bug\u00fcn bir sa\u011fa bir sola \u00e7\u0131rp\u0131nan T\u00fcrkiye\u2019deki rejim ba\u015fkan\u0131 \u201cRecep Tayyib Erdo\u011fan\u201d\u0131n tutumlar\u0131 neticesinde sadece kom\u015fu \u00fclkelerle de\u011fil T\u00fcrkiye dahilinde bile \u201csorunlarla bo\u011fu\u015fur\u201d hale geldi\u011fini belirtti.<\/p>\n<p>Gazete \u201cYeni Osmanl\u0131 Be\u015fi\u011finde Defnedildi\u201d ba\u015fl\u0131\u011f\u0131 alt\u0131nda yay\u0131nlanan bug\u00fcnk\u00fc a\u00e7\u0131l\u0131\u015f makalesinde, \u201cErdo\u011fan\u201d\u0131n \u201ctampon b\u00f6lge\u201d bulmada ba\u015far\u0131s\u0131z olmas\u0131ndan sonra Suriye\u2019nin Ayn el Aarp kentindeki ahaliye yard\u0131m edece\u011fi gerek\u00e7esiyle s\u0131zabilece\u011fini tasavvur etmesinin hayal oldu\u011funu \u00e7\u00fcnk\u00fc ba\u011f\u0131ms\u0131z bir \u00fclkenin i\u00e7i\u015flerine a\u00e7\u0131k bir m\u00fcdahale ve sald\u0131r\u0131 say\u0131ld\u0131\u011f\u0131n\u0131, hayallerinde ileri gitmesi durumunda T\u00fcrkiye\u2019yi ve T\u00fcrk halk\u0131n\u0131n art\u0131k kald\u0131ramayaca\u011f\u0131 kaprislerinin kurban\u0131 edece\u011fine dikkat \u00e7ekti.<\/p>\n<p>Gazete, I\u015e\u0130D ter\u00f6r \u00f6rg\u00fct\u00fcne \u00e7ok bel ba\u011flayan ve \u00fclkesinden b\u00f6lge \u00fclkeleri \u00fczerinde hegemonyas\u0131n\u0131 empoze edecek bir b\u00f6lge g\u00fcc\u00fc yapmaya \u00e7al\u0131\u015fan Erdo\u011fan\u2019\u0131n emellerini sa\u011flamada ba\u015far\u0131s\u0131z oldu\u011funu, I\u015e\u0130D\u2019in vah\u015fi katliamlar\u0131 i\u00e7erisinde y\u00fczmesi ard\u0131ndan T\u00fcrkiye dahilinin yan\u0131 s\u0131ra kom\u015fu \u00fclkelerle olan b\u00fct\u00fcn evraklar\u0131n\u0131 da yakt\u0131\u011f\u0131n\u0131 dile getirdi.<br \/>\nB\u00fct\u00fcn g\u00f6stergelerin I\u015e\u0130D\u2019in Irak, Suriye ve L\u00fcbnan\u2019da da\u011f\u0131lamaya ba\u015flad\u0131\u011f\u0131na i\u015faret etti\u011fi s\u0131rada, Erdo\u011fan\u2019\u0131n hi\u00e7 kimsenin s\u00f6z\u00fcn\u00fc dinlemeyerek I\u015e\u0130D ka\u011f\u0131d\u0131n\u0131 kullanarak y\u00fckseklik kompleksine kap\u0131lmakla sonuna kadar yoluna devam etti\u011fini s\u00f6yledi.<\/p>\n<p>Keyhan, Erdo\u011fan\u2019\u0131n Ayn el Arap kentine bel ba\u011flamas\u0131n\u0131n halk\u0131n\u0131n direni\u015fi olan \u00e7ok basit sebeple pe\u015finen kaybetti\u011fini, Pe\u015fmerge elamanlar\u0131ndan y\u00fcz elli ki\u015fiyle ter\u00f6rist gruplardan bir ka\u00e7 ki\u015finin Ayn el Arap\u2019a ge\u00e7i\u015flerinin ahaliyi savunma hedefini ta\u015f\u0131mad\u0131\u011f\u0131n\u0131n bilakis Suriye topraklar\u0131 \u00fczerinde bir bo\u015fluk bulmak i\u00e7in geldi\u011finin kesin oldu\u011funu belirterek makalesini bitirdi.<\/p>\n","protected":false},"excerpt":{"rendered":"<p>TAHRAN \u2013 Arap\u00e7a dilinde yay\u0131n yapan \u0130ranl\u0131 Keyhan Gazetesi, kom\u015fu \u00fclkelerle s\u0131f\u0131r sorun \u015fiar\u0131yla ba\u015flayan Erdo\u011fanc\u0131 politikan\u0131n bug\u00fcn bir sa\u011fa bir sola \u00e7\u0131rp\u0131nan T\u00fcrkiye\u2019deki rejim ba\u015fkan\u0131 \u201cRecep Tayyib Erdo\u011fan\u201d\u0131n tutumlar\u0131 neticesinde sadece kom\u015fu \u00fclkelerle de\u011fil T\u00fcrkiye dahilinde bile \u201csorunlarla bo\u011fu\u015fur\u201d hale geldi\u011fini belirtti. Gazete \u201cYeni Osmanl\u0131 Be\u015fi\u011finde Defnedildi\u201d ba\u015fl\u0131\u011f\u0131 alt\u0131nda yay\u0131nlanan bug\u00fcnk\u00fc a\u00e7\u0131l\u0131\u015f makalesinde, \u201cErdo\u011fan\u201d\u0131n &hellip;<\/p>\n","protected":false},"author":1,"featured_media":14434,"comment_status":"closed","ping_status":"closed","sticky":false,"template":"","format":"standard","meta":{"footnotes":""},"categories":[556,560],"tags":[4818,4816,4824,4823,4819,4820,4821,4817,4825,4822],"class_list":["post-14433","post","type-post","status-publish","format-standard","has-post-thumbnail","","category-basin","category-secme-makaleler","tag-erdoganin-tampon-bolge-bulmada-basarisiz-olmasindan-sonra-suriyenin-ayn-el-aarp-kentindeki-ahaliye-yardim-edecegi-gerekcesiyle-sizabilecegini-tasavvur-etme","tag-erdogan-suriye-topraklarina-sizmak-icin-isid-teror-orgutune-bel-baglamakla-hayal-goruyor-tahran-arapca-dilinde-yayin-yapan-iranli-keyhan-gazetesi","tag-erdoganin-ayn-el-arap-kentine-bel-baglamasinin-halkinin-direnisi-olan-cok-basit-sebeple-pesinen-kaybettigini","tag-erdoganin-hic-kimsenin-sozunu-dinlemeyerek-isid-kagidini-kullanarak-yukseklik-kompleksine-kapilmakla-sonuna-kadar-yoluna-devam-ettigini-soyledi-keyhan","tag-hayallerinde-ileri-gitmesi-durumunda-turkiyeyi-ve-turk-halkinin-artik-kaldiramayacagi-kaprislerinin-kurbani-edecegine-dikkat-cekti-gazete","tag-isid-teror-orgutune-cok-bel-baglayan-ve-ulkesinden-bolge-ulkeleri-uzerinde-hegemonyasini-empoze-edecek-bir-bolge-gucu-yapmaya-calisan-erdoganin-emellerini-saglamada-basarisiz-oldugunu","tag-isidin-vahsi-katliamlari-icerisinde-yuzmesi-ardindan-turkiye-dahilinin-yani-sira-komsu-ulkelerle-olan-butun-evraklarini-da-yaktigini-dile-getirdi-butun-gostergelerin-isidin-irak","tag-komsu-ulkelerle-sifir-sorun-siariyla-baslayan-erdoganci-politikanin-bugun-bir-saga-bir-sola-cirpinan-turkiyedeki-rejim-baskani-recep-tayyib-erdoganin-tutumlari-neticesinde-s","tag-pesmerge-elamanlarindan-yuz-elli-kisiyle-terorist-gruplardan-bir-kac-kisinin-ayn-el-arapa-gecislerinin-ahaliyi-savunma-hedefini-tasimadiginin-bilakis-suriye-topraklari-uzerinde-bir-bosluk-bul","tag-suriye-ve-lubnanda-dagilamaya-basladigina-isaret-ettigi-sirada"],"_links":{"self":[{"href":"https:\/\/archive.sana.sy\/tr\/index.php?rest_route=\/wp\/v2\/posts\/14433","targetHints":{"allow":["GET"]}}],"collection":[{"href":"https:\/\/archive.sana.sy\/tr\/index.php?rest_route=\/wp\/v2\/posts"}],"about":[{"href":"https:\/\/archive.sana.sy\/tr\/index.php?rest_route=\/wp\/v2\/types\/post"}],"author":[{"embeddable":true,"href":"https:\/\/archive.sana.sy\/tr\/index.php?rest_route=\/wp\/v2\/users\/1"}],"replies":[{"embeddable":true,"href":"https:\/\/archive.sana.sy\/tr\/index.php?rest_route=%2Fwp%2Fv2%2Fcomments&post=14433"}],"version-history":[{"count":0,"href":"https:\/\/archive.sana.sy\/tr\/index.php?rest_route=\/wp\/v2\/posts\/14433\/revisions"}],"wp:featuredmedia":[{"embeddable":true,"href":"https:\/\/archive.sana.sy\/tr\/index.php?rest_route=\/wp\/v2\/media\/14434"}],"wp:attachment":[{"href":"https:\/\/archive.sana.sy\/tr\/index.php?rest_route=%2Fwp%2Fv2%2Fmedia&parent=14433"}],"wp:term":[{"taxonomy":"category","embeddable":true,"href":"https:\/\/archive.sana.sy\/tr\/index.php?rest_route=%2Fwp%2Fv2%2Fcategories&post=14433"},{"taxonomy":"post_tag","embeddable":true,"href":"https:\/\/archive.sana.sy\/tr\/index.php?rest_route=%2Fwp%2Fv2%2Ftags&post=14433"}],"curies":[{"name":"wp","href":"https:\/\/api.w.org\/{rel}","templated":true}]}}