{"id":144609,"date":"2018-04-06T17:49:19","date_gmt":"2018-04-06T14:49:19","guid":{"rendered":"https:\/\/www.sana.sy\/tr\/?p=144609"},"modified":"2018-04-06T17:49:19","modified_gmt":"2018-04-06T14:49:19","slug":"sam-il-emniyet-mudurlugunde-bir-kaynak-ise-dumada-bulunan-radikal-teror-orgutu-ceysul-islama-tabi-teroristlerin-samin-yerlesim-alanlarindan-berze-konutlari-semtine","status":"publish","type":"post","link":"https:\/\/archive.sana.sy\/tr\/?p=144609","title":{"rendered":"\u015eam \u0130l Emniyet M\u00fcd\u00fcrl\u00fc\u011f\u00fcnde bir kaynak ise Duma\u2019da bulunan radikal ter\u00f6r \u00f6rg\u00fct\u00fc \u2018Cey\u015ful \u0130slam\u2019a tabi ter\u00f6ristlerin \u015eam\u2019\u0131n yerle\u015fim alanlar\u0131ndan Berze Konutlar\u0131 Semtine f\u00fczelerle sald\u0131rmalar\u0131 sonucunda bir\u00e7ok sivil vatanda\u015f\u0131n isabet ald\u0131\u011f\u0131n\u0131 belirtti\u200f"},"content":{"rendered":"<p>\u015eam \u0130l Emniyet M\u00fcd\u00fcrl\u00fc\u011f\u00fcnde bir kaynak ise Duma\u2019da bulunan radikal ter\u00f6r \u00f6rg\u00fct\u00fc \u2018Cey\u015ful \u0130slam\u2019a tabi ter\u00f6ristlerin \u015eam\u2019\u0131n yerle\u015fim alanlar\u0131ndan Berze Konutlar\u0131 Semtine f\u00fczelerle sald\u0131rmalar\u0131 sonucunda bir\u00e7ok sivil vatanda\u015f\u0131n isabet ald\u0131\u011f\u0131n\u0131 belirtti\u200f<\/p>\n","protected":false},"excerpt":{"rendered":"<p>\u015eam \u0130l Emniyet M\u00fcd\u00fcrl\u00fc\u011f\u00fcnde bir kaynak ise Duma\u2019da bulunan radikal ter\u00f6r \u00f6rg\u00fct\u00fc \u2018Cey\u015ful \u0130slam\u2019a tabi ter\u00f6ristlerin \u015eam\u2019\u0131n yerle\u015fim alanlar\u0131ndan Berze Konutlar\u0131 Semtine f\u00fczelerle sald\u0131rmalar\u0131 sonucunda bir\u00e7ok sivil vatanda\u015f\u0131n isabet ald\u0131\u011f\u0131n\u0131 belirtti\u200f<\/p>\n","protected":false},"author":1,"featured_media":0,"comment_status":"closed","ping_status":"closed","sticky":false,"template":"","format":"standard","meta":{"footnotes":""},"categories":[17991],"tags":[],"class_list":["post-144609","post","type-post","status-publish","format-standard","","category-son-dakika"],"_links":{"self":[{"href":"https:\/\/archive.sana.sy\/tr\/index.php?rest_route=\/wp\/v2\/posts\/144609","targetHints":{"allow":["GET"]}}],"collection":[{"href":"https:\/\/archive.sana.sy\/tr\/index.php?rest_route=\/wp\/v2\/posts"}],"about":[{"href":"https:\/\/archive.sana.sy\/tr\/index.php?rest_route=\/wp\/v2\/types\/post"}],"author":[{"embeddable":true,"href":"https:\/\/archive.sana.sy\/tr\/index.php?rest_route=\/wp\/v2\/users\/1"}],"replies":[{"embeddable":true,"href":"https:\/\/archive.sana.sy\/tr\/index.php?rest_route=%2Fwp%2Fv2%2Fcomments&post=144609"}],"version-history":[{"count":0,"href":"https:\/\/archive.sana.sy\/tr\/index.php?rest_route=\/wp\/v2\/posts\/144609\/revisions"}],"wp:attachment":[{"href":"https:\/\/archive.sana.sy\/tr\/index.php?rest_route=%2Fwp%2Fv2%2Fmedia&parent=144609"}],"wp:term":[{"taxonomy":"category","embeddable":true,"href":"https:\/\/archive.sana.sy\/tr\/index.php?rest_route=%2Fwp%2Fv2%2Fcategories&post=144609"},{"taxonomy":"post_tag","embeddable":true,"href":"https:\/\/archive.sana.sy\/tr\/index.php?rest_route=%2Fwp%2Fv2%2Ftags&post=144609"}],"curies":[{"name":"wp","href":"https:\/\/api.w.org\/{rel}","templated":true}]}}