{"id":144670,"date":"2018-04-07T17:10:44","date_gmt":"2018-04-07T14:10:44","guid":{"rendered":"https:\/\/www.sana.sy\/tr\/?p=144670"},"modified":"2018-04-08T11:41:27","modified_gmt":"2018-04-08T08:41:27","slug":"sivillere-saldirdiklari-mevkileri-dakik-bir-sekilde-tespit-edilip-imha-edildi","status":"publish","type":"post","link":"https:\/\/archive.sana.sy\/tr\/?p=144670","title":{"rendered":"Ordu Cey\u015ful \u0130slam\u2019\u0131n Duma\u2019daki \u00d6n Hatlar\u0131n\u0131 Bast\u0131"},"content":{"rendered":"<p>\u015eAM KIRSALI \u2013 Ordu birliklerimiz \u015eam k\u0131rsal\u0131 Duma Kentini tahliye etme anla\u015fmas\u0131n\u0131 aksatmakla birlikte \u015eam ve k\u0131rsal\u0131nda masum sivil vatanda\u015flara gaddar f\u00fczelerle sald\u0131ran \u2018Cey\u015ful \u0130slam\u2019a uygun silahlarla kar\u015f\u0131l\u0131k verip bu radikal ter\u00f6ristleri ciddi kay\u0131plara u\u011fratt\u0131lar.<\/p>\n<p><a href=\"https:\/\/www.sana.sy\/tr\/wp-content\/uploads\/2018\/04\/1-72.jpg\"><img loading=\"lazy\" decoding=\"async\" class=\"alignright wp-image-144764 size-medium\" src=\"https:\/\/www.sana.sy\/tr\/wp-content\/uploads\/2018\/04\/1-72-300x150.jpg\" alt=\"\" width=\"300\" height=\"150\" srcset=\"https:\/\/archive.sana.sy\/tr\/wp-content\/uploads\/2018\/04\/1-72-300x150.jpg 300w, https:\/\/archive.sana.sy\/tr\/wp-content\/uploads\/2018\/04\/1-72-150x75.jpg 150w, https:\/\/archive.sana.sy\/tr\/wp-content\/uploads\/2018\/04\/1-72.jpg 660w\" sizes=\"auto, (max-width: 300px) 100vw, 300px\" \/><\/a>Askeri bir kaynak Cey\u015ful \u0130slam\u2019\u0131n \u015eam ve k\u0131rsal\u0131nda sivilleri hedef almada kulland\u0131\u011f\u0131 f\u00fcze rampalar\u0131 mevkilerinin dakik bir \u015fekilde tespit edilmeleri ard\u0131ndan hava g\u00fc\u00e7lerimiz ve top\u00e7u birliklerimizin bu mevkileri yo\u011fun ate\u015fe tuttuklar\u0131n\u0131 belirtti. Sivillere sald\u0131r\u0131lar\u0131nda kullan\u0131lan f\u00fcze rampalar\u0131n\u0131n ter\u00f6rist ekipleriyle birlikte imha edildiklerini ifade eden kaynak, radikal ter\u00f6r \u00f6rg\u00fct\u00fcn ciddi kay\u0131plara u\u011frat\u0131ld\u0131\u011f\u0131n\u0131 kaydetti.<\/p>\n<p>Askeri kaynak ordu birliklerimizin Duma Kenti kenarlar\u0131nda Cey\u015ful \u0130slam\u2019\u0131n \u00f6n hatlar\u0131na nitelikli kara operasyonlar\u0131 ba\u015flatt\u0131klar\u0131n\u0131 belirtirken, radikal ter\u00f6r \u00f6rg\u00fct\u00fcn\u00fcn komuta merkezleri, cephane depolar\u0131, ileti\u015fim ve muhaberat karargahlar\u0131n\u0131n yok edilmesiyle saflar\u0131nda b\u00fcy\u00fck bir panik, karga\u015fa ve \u00e7\u00f6k\u00fc\u015flerin ya\u015fand\u0131\u011f\u0131na dikkat \u00e7ekti.<\/p>\n","protected":false},"excerpt":{"rendered":"<p>\u015eAM KIRSALI \u2013 Ordu birliklerimiz \u015eam k\u0131rsal\u0131 Duma Kentini tahliye etme anla\u015fmas\u0131n\u0131 aksatmakla birlikte \u015eam ve k\u0131rsal\u0131nda masum sivil vatanda\u015flara gaddar f\u00fczelerle sald\u0131ran \u2018Cey\u015ful \u0130slam\u2019a uygun silahlarla kar\u015f\u0131l\u0131k verip bu radikal ter\u00f6ristleri ciddi kay\u0131plara u\u011fratt\u0131lar. Askeri bir kaynak Cey\u015ful \u0130slam\u2019\u0131n \u015eam ve k\u0131rsal\u0131nda sivilleri hedef almada kulland\u0131\u011f\u0131 f\u00fcze rampalar\u0131 mevkilerinin dakik bir \u015fekilde tespit edilmeleri &hellip;<\/p>\n","protected":false},"author":1,"featured_media":144765,"comment_status":"closed","ping_status":"closed","sticky":false,"template":"","format":"standard","meta":{"footnotes":""},"categories":[479,575,17988,478],"tags":[21046,5234,2755,2297,18174,24111,11549,19034,22181],"class_list":["post-144670","post","type-post","status-publish","format-standard","has-post-thumbnail","","category-haberler-yerel","category-olaylar-ve-gercekler","category-son-haberler","category-yerel","tag-ceysul-islam","tag-duma","tag-sam","tag-sam-kirsali","tag-sivillere-saldiri","tag-sivilleri-bombaladi","tag-suriye-ordusu","tag-suriyeli-muhalifler","tag-suriyeliler"],"_links":{"self":[{"href":"https:\/\/archive.sana.sy\/tr\/index.php?rest_route=\/wp\/v2\/posts\/144670","targetHints":{"allow":["GET"]}}],"collection":[{"href":"https:\/\/archive.sana.sy\/tr\/index.php?rest_route=\/wp\/v2\/posts"}],"about":[{"href":"https:\/\/archive.sana.sy\/tr\/index.php?rest_route=\/wp\/v2\/types\/post"}],"author":[{"embeddable":true,"href":"https:\/\/archive.sana.sy\/tr\/index.php?rest_route=\/wp\/v2\/users\/1"}],"replies":[{"embeddable":true,"href":"https:\/\/archive.sana.sy\/tr\/index.php?rest_route=%2Fwp%2Fv2%2Fcomments&post=144670"}],"version-history":[{"count":0,"href":"https:\/\/archive.sana.sy\/tr\/index.php?rest_route=\/wp\/v2\/posts\/144670\/revisions"}],"wp:featuredmedia":[{"embeddable":true,"href":"https:\/\/archive.sana.sy\/tr\/index.php?rest_route=\/wp\/v2\/media\/144765"}],"wp:attachment":[{"href":"https:\/\/archive.sana.sy\/tr\/index.php?rest_route=%2Fwp%2Fv2%2Fmedia&parent=144670"}],"wp:term":[{"taxonomy":"category","embeddable":true,"href":"https:\/\/archive.sana.sy\/tr\/index.php?rest_route=%2Fwp%2Fv2%2Fcategories&post=144670"},{"taxonomy":"post_tag","embeddable":true,"href":"https:\/\/archive.sana.sy\/tr\/index.php?rest_route=%2Fwp%2Fv2%2Ftags&post=144670"}],"curies":[{"name":"wp","href":"https:\/\/api.w.org\/{rel}","templated":true}]}}