{"id":144708,"date":"2018-04-07T17:18:55","date_gmt":"2018-04-07T14:18:55","guid":{"rendered":"https:\/\/www.sana.sy\/tr\/?p=144708"},"modified":"2018-04-08T15:14:46","modified_gmt":"2018-04-08T12:14:46","slug":"ceysul-islam-sivillerin-cikisini-silah-zoruyla-engelliyor","status":"publish","type":"post","link":"https:\/\/archive.sana.sy\/tr\/?p=144708","title":{"rendered":"Cey\u015ful \u0130slam Sivillerin \u00c7\u0131k\u0131\u015f\u0131n\u0131 Silah Zoruyla Engelliyor"},"content":{"rendered":"<p>\u015eAM KIRSALI \u2013 \u015eam k\u0131rsal\u0131 Duma Kentinde bulunan radikal ter\u00f6r \u00f6rg\u00fct\u00fc \u2018Cey\u015ful \u0130slam\u2019; Duma Kentinden \u00e7\u0131kmak isteyen vatanda\u015flara ate\u015f a\u00e7arak, kentten \u00e7\u0131k\u0131\u015flar\u0131n\u0131 silah zoruyla engelliyor.<\/p>\n<p>Askeri bir kaynak SANA\u2019ya a\u00e7\u0131klamalar\u0131nda radikal ter\u00f6r \u00f6rg\u00fct\u00fcn Duma\u2019dan \u00e7\u0131kmak isteyenlere ate\u015f a\u00e7\u0131p onlar\u0131 silah zoruyla kentin i\u00e7inde canl\u0131 kalkan olarak kulland\u0131\u011f\u0131n\u0131 belirtti.<\/p>\n<p>\u2018Cey\u015ful \u0130slam\u2019 ter\u00f6ristlerinin bask\u0131 ve dayatmalar\u0131n\u0131 protesto etmek amac\u0131yla g\u00f6steri d\u00fczenleyen halk kitlelerine de ate\u015f a\u00e7t\u0131\u011f\u0131n\u0131 belirten askeri kaynak; 5 Mart tarihinden \u015fu ana dek Duma\u2019dan 33345 ki\u015finin Do\u011fu \u011euta ahalisini tahliye etme \u00e7abalar\u0131 kapsam\u0131nda tahliye edildiklerini s\u00f6yledi.<\/p>\n<p>Kaynak radikal ter\u00f6r \u00f6rg\u00fct\u00fc Cey\u015ful \u0130slam\u2019\u0131n anla\u015fmay\u0131 aksatmadan \u00f6nce Duma Kentinden \u00f6rg\u00fcte tabi ter\u00f6ristler ve ailelerinden ibaret 2963 ki\u015finin Halep k\u0131rsal\u0131 Cerablus Kentine aktar\u0131ld\u0131klar\u0131na da dikkat \u00e7ekti.<\/p>\n","protected":false},"excerpt":{"rendered":"<p>\u015eAM KIRSALI \u2013 \u015eam k\u0131rsal\u0131 Duma Kentinde bulunan radikal ter\u00f6r \u00f6rg\u00fct\u00fc \u2018Cey\u015ful \u0130slam\u2019; Duma Kentinden \u00e7\u0131kmak isteyen vatanda\u015flara ate\u015f a\u00e7arak, kentten \u00e7\u0131k\u0131\u015flar\u0131n\u0131 silah zoruyla engelliyor. Askeri bir kaynak SANA\u2019ya a\u00e7\u0131klamalar\u0131nda radikal ter\u00f6r \u00f6rg\u00fct\u00fcn Duma\u2019dan \u00e7\u0131kmak isteyenlere ate\u015f a\u00e7\u0131p onlar\u0131 silah zoruyla kentin i\u00e7inde canl\u0131 kalkan olarak kulland\u0131\u011f\u0131n\u0131 belirtti. \u2018Cey\u015ful \u0130slam\u2019 ter\u00f6ristlerinin bask\u0131 ve dayatmalar\u0131n\u0131 protesto &hellip;<\/p>\n","protected":false},"author":1,"featured_media":144787,"comment_status":"closed","ping_status":"closed","sticky":false,"template":"","format":"standard","meta":{"footnotes":""},"categories":[479,575,17988,478],"tags":[21046,5234,2755,2297,35758,11549,19034],"class_list":["post-144708","post","type-post","status-publish","format-standard","has-post-thumbnail","","category-haberler-yerel","category-olaylar-ve-gercekler","category-son-haberler","category-yerel","tag-ceysul-islam","tag-duma","tag-sam","tag-sam-kirsali","tag-sivillere-ates-acti","tag-suriye-ordusu","tag-suriyeli-muhalifler"],"_links":{"self":[{"href":"https:\/\/archive.sana.sy\/tr\/index.php?rest_route=\/wp\/v2\/posts\/144708","targetHints":{"allow":["GET"]}}],"collection":[{"href":"https:\/\/archive.sana.sy\/tr\/index.php?rest_route=\/wp\/v2\/posts"}],"about":[{"href":"https:\/\/archive.sana.sy\/tr\/index.php?rest_route=\/wp\/v2\/types\/post"}],"author":[{"embeddable":true,"href":"https:\/\/archive.sana.sy\/tr\/index.php?rest_route=\/wp\/v2\/users\/1"}],"replies":[{"embeddable":true,"href":"https:\/\/archive.sana.sy\/tr\/index.php?rest_route=%2Fwp%2Fv2%2Fcomments&post=144708"}],"version-history":[{"count":0,"href":"https:\/\/archive.sana.sy\/tr\/index.php?rest_route=\/wp\/v2\/posts\/144708\/revisions"}],"wp:featuredmedia":[{"embeddable":true,"href":"https:\/\/archive.sana.sy\/tr\/index.php?rest_route=\/wp\/v2\/media\/144787"}],"wp:attachment":[{"href":"https:\/\/archive.sana.sy\/tr\/index.php?rest_route=%2Fwp%2Fv2%2Fmedia&parent=144708"}],"wp:term":[{"taxonomy":"category","embeddable":true,"href":"https:\/\/archive.sana.sy\/tr\/index.php?rest_route=%2Fwp%2Fv2%2Fcategories&post=144708"},{"taxonomy":"post_tag","embeddable":true,"href":"https:\/\/archive.sana.sy\/tr\/index.php?rest_route=%2Fwp%2Fv2%2Ftags&post=144708"}],"curies":[{"name":"wp","href":"https:\/\/api.w.org\/{rel}","templated":true}]}}