{"id":144723,"date":"2018-04-07T16:00:45","date_gmt":"2018-04-07T13:00:45","guid":{"rendered":"https:\/\/www.sana.sy\/tr\/?p=144723"},"modified":"2018-04-07T16:00:45","modified_gmt":"2018-04-07T13:00:45","slug":"askeri-bir-kaynak-sam-kirsali-duma-kentinde-radikal-teror-orgutu-ceysul-islamin-kentten-cikmak-isteyen-sivil-vatandaslari-silah-zoruyla-engellediklerini-gosteri-duzenleyen-halk-kitlelerine-d","status":"publish","type":"post","link":"https:\/\/archive.sana.sy\/tr\/?p=144723","title":{"rendered":"Askeri bir kaynak \u015eam k\u0131rsal\u0131 Duma Kentinde radikal ter\u00f6r \u00f6rg\u00fct\u00fc Cey\u015ful \u0130slam\u2019\u0131n kentten \u00e7\u0131kmak isteyen sivil vatanda\u015flar\u0131 silah zoruyla engellediklerini, g\u00f6steri d\u00fczenleyen halk kitlelerine de ate\u015f a\u00e7t\u0131klar\u0131n\u0131 belirtti"},"content":{"rendered":"<p>Askeri bir kaynak \u015eam k\u0131rsal\u0131 Duma Kentinde radikal ter\u00f6r \u00f6rg\u00fct\u00fc Cey\u015ful \u0130slam\u2019\u0131n kentten \u00e7\u0131kmak isteyen sivil vatanda\u015flar\u0131 silah zoruyla engellediklerini, g\u00f6steri d\u00fczenleyen halk kitlelerine de ate\u015f a\u00e7t\u0131klar\u0131n\u0131 belirtti<\/p>\n","protected":false},"excerpt":{"rendered":"<p>Askeri bir kaynak \u015eam k\u0131rsal\u0131 Duma Kentinde radikal ter\u00f6r \u00f6rg\u00fct\u00fc Cey\u015ful \u0130slam\u2019\u0131n kentten \u00e7\u0131kmak isteyen sivil vatanda\u015flar\u0131 silah zoruyla engellediklerini, g\u00f6steri d\u00fczenleyen halk kitlelerine de ate\u015f a\u00e7t\u0131klar\u0131n\u0131 belirtti<\/p>\n","protected":false},"author":1,"featured_media":0,"comment_status":"closed","ping_status":"closed","sticky":false,"template":"","format":"standard","meta":{"footnotes":""},"categories":[17991],"tags":[],"class_list":["post-144723","post","type-post","status-publish","format-standard","","category-son-dakika"],"_links":{"self":[{"href":"https:\/\/archive.sana.sy\/tr\/index.php?rest_route=\/wp\/v2\/posts\/144723","targetHints":{"allow":["GET"]}}],"collection":[{"href":"https:\/\/archive.sana.sy\/tr\/index.php?rest_route=\/wp\/v2\/posts"}],"about":[{"href":"https:\/\/archive.sana.sy\/tr\/index.php?rest_route=\/wp\/v2\/types\/post"}],"author":[{"embeddable":true,"href":"https:\/\/archive.sana.sy\/tr\/index.php?rest_route=\/wp\/v2\/users\/1"}],"replies":[{"embeddable":true,"href":"https:\/\/archive.sana.sy\/tr\/index.php?rest_route=%2Fwp%2Fv2%2Fcomments&post=144723"}],"version-history":[{"count":0,"href":"https:\/\/archive.sana.sy\/tr\/index.php?rest_route=\/wp\/v2\/posts\/144723\/revisions"}],"wp:attachment":[{"href":"https:\/\/archive.sana.sy\/tr\/index.php?rest_route=%2Fwp%2Fv2%2Fmedia&parent=144723"}],"wp:term":[{"taxonomy":"category","embeddable":true,"href":"https:\/\/archive.sana.sy\/tr\/index.php?rest_route=%2Fwp%2Fv2%2Fcategories&post=144723"},{"taxonomy":"post_tag","embeddable":true,"href":"https:\/\/archive.sana.sy\/tr\/index.php?rest_route=%2Fwp%2Fv2%2Ftags&post=144723"}],"curies":[{"name":"wp","href":"https:\/\/api.w.org\/{rel}","templated":true}]}}