{"id":144725,"date":"2018-04-07T16:02:29","date_gmt":"2018-04-07T13:02:29","guid":{"rendered":"https:\/\/www.sana.sy\/tr\/?p=144725"},"modified":"2018-04-07T16:02:29","modified_gmt":"2018-04-07T13:02:29","slug":"askeri-kaynak-5-mart-tarihinden-su-ana-dek-sam-kirsali-duma-kentinden-tahliye-edilenlerin-sayisinin-33345-kisi-oldugunu-belirtti","status":"publish","type":"post","link":"https:\/\/archive.sana.sy\/tr\/?p=144725","title":{"rendered":"Askeri kaynak 5 Mart tarihinden \u015fu ana dek \u015eam k\u0131rsal\u0131 Duma Kentinden tahliye edilenlerin say\u0131s\u0131n\u0131n 33345 ki\u015fi oldu\u011funu belirtti"},"content":{"rendered":"<p>Askeri kaynak 5 Mart tarihinden \u015fu ana dek \u015eam k\u0131rsal\u0131 Duma Kentinden tahliye edilenlerin say\u0131s\u0131n\u0131n 33345 ki\u015fi oldu\u011funu belirtti<\/p>\n","protected":false},"excerpt":{"rendered":"<p>Askeri kaynak 5 Mart tarihinden \u015fu ana dek \u015eam k\u0131rsal\u0131 Duma Kentinden tahliye edilenlerin say\u0131s\u0131n\u0131n 33345 ki\u015fi oldu\u011funu belirtti<\/p>\n","protected":false},"author":1,"featured_media":0,"comment_status":"closed","ping_status":"closed","sticky":false,"template":"","format":"standard","meta":{"footnotes":""},"categories":[17991],"tags":[],"class_list":["post-144725","post","type-post","status-publish","format-standard","","category-son-dakika"],"_links":{"self":[{"href":"https:\/\/archive.sana.sy\/tr\/index.php?rest_route=\/wp\/v2\/posts\/144725","targetHints":{"allow":["GET"]}}],"collection":[{"href":"https:\/\/archive.sana.sy\/tr\/index.php?rest_route=\/wp\/v2\/posts"}],"about":[{"href":"https:\/\/archive.sana.sy\/tr\/index.php?rest_route=\/wp\/v2\/types\/post"}],"author":[{"embeddable":true,"href":"https:\/\/archive.sana.sy\/tr\/index.php?rest_route=\/wp\/v2\/users\/1"}],"replies":[{"embeddable":true,"href":"https:\/\/archive.sana.sy\/tr\/index.php?rest_route=%2Fwp%2Fv2%2Fcomments&post=144725"}],"version-history":[{"count":0,"href":"https:\/\/archive.sana.sy\/tr\/index.php?rest_route=\/wp\/v2\/posts\/144725\/revisions"}],"wp:attachment":[{"href":"https:\/\/archive.sana.sy\/tr\/index.php?rest_route=%2Fwp%2Fv2%2Fmedia&parent=144725"}],"wp:term":[{"taxonomy":"category","embeddable":true,"href":"https:\/\/archive.sana.sy\/tr\/index.php?rest_route=%2Fwp%2Fv2%2Fcategories&post=144725"},{"taxonomy":"post_tag","embeddable":true,"href":"https:\/\/archive.sana.sy\/tr\/index.php?rest_route=%2Fwp%2Fv2%2Ftags&post=144725"}],"curies":[{"name":"wp","href":"https:\/\/api.w.org\/{rel}","templated":true}]}}