{"id":144727,"date":"2018-04-07T16:52:24","date_gmt":"2018-04-07T13:52:24","guid":{"rendered":"https:\/\/www.sana.sy\/tr\/?p=144727"},"modified":"2018-04-07T16:52:24","modified_gmt":"2018-04-07T13:52:24","slug":"sam-kirsali-duma-bolgesinde-sana-muhabiri-ordu-birliklerimizin-duma-kenti-kenarlarinda-ceysul-islamin-on-savunma-hatlarini-nitelikli-kara-operasyonlariyla-hedef-aldiklarini-aktarirken-terori","status":"publish","type":"post","link":"https:\/\/archive.sana.sy\/tr\/?p=144727","title":{"rendered":"\u015eam k\u0131rsal\u0131 Duma B\u00f6lgesinde SANA muhabiri ordu birliklerimizin Duma Kenti kenarlar\u0131nda Cey\u015ful \u0130slam\u2019\u0131n \u00f6n savunma hatlar\u0131n\u0131 nitelikli kara operasyonlar\u0131yla hedef ald\u0131klar\u0131n\u0131 aktar\u0131rken, ter\u00f6ristlerin saflar\u0131nda b\u00fcy\u00fck bir panik ve \u00e7\u00f6k\u00fc\u015f\u00fcn ya\u015fand\u0131\u011f\u0131n\u0131 belirtti"},"content":{"rendered":"<p>\u015eam k\u0131rsal\u0131 Duma B\u00f6lgesinde SANA muhabiri ordu birliklerimizin Duma Kenti kenarlar\u0131nda Cey\u015ful \u0130slam\u2019\u0131n \u00f6n savunma hatlar\u0131n\u0131 nitelikli kara operasyonlar\u0131yla hedef ald\u0131klar\u0131n\u0131 aktar\u0131rken, ter\u00f6ristlerin saflar\u0131nda b\u00fcy\u00fck bir panik ve \u00e7\u00f6k\u00fc\u015f\u00fcn ya\u015fand\u0131\u011f\u0131n\u0131 belirtti<\/p>\n","protected":false},"excerpt":{"rendered":"<p>\u015eam k\u0131rsal\u0131 Duma B\u00f6lgesinde SANA muhabiri ordu birliklerimizin Duma Kenti kenarlar\u0131nda Cey\u015ful \u0130slam\u2019\u0131n \u00f6n savunma hatlar\u0131n\u0131 nitelikli kara operasyonlar\u0131yla hedef ald\u0131klar\u0131n\u0131 aktar\u0131rken, ter\u00f6ristlerin saflar\u0131nda b\u00fcy\u00fck bir panik ve \u00e7\u00f6k\u00fc\u015f\u00fcn ya\u015fand\u0131\u011f\u0131n\u0131 belirtti<\/p>\n","protected":false},"author":1,"featured_media":0,"comment_status":"closed","ping_status":"closed","sticky":false,"template":"","format":"standard","meta":{"footnotes":""},"categories":[17991],"tags":[],"class_list":["post-144727","post","type-post","status-publish","format-standard","","category-son-dakika"],"_links":{"self":[{"href":"https:\/\/archive.sana.sy\/tr\/index.php?rest_route=\/wp\/v2\/posts\/144727","targetHints":{"allow":["GET"]}}],"collection":[{"href":"https:\/\/archive.sana.sy\/tr\/index.php?rest_route=\/wp\/v2\/posts"}],"about":[{"href":"https:\/\/archive.sana.sy\/tr\/index.php?rest_route=\/wp\/v2\/types\/post"}],"author":[{"embeddable":true,"href":"https:\/\/archive.sana.sy\/tr\/index.php?rest_route=\/wp\/v2\/users\/1"}],"replies":[{"embeddable":true,"href":"https:\/\/archive.sana.sy\/tr\/index.php?rest_route=%2Fwp%2Fv2%2Fcomments&post=144727"}],"version-history":[{"count":0,"href":"https:\/\/archive.sana.sy\/tr\/index.php?rest_route=\/wp\/v2\/posts\/144727\/revisions"}],"wp:attachment":[{"href":"https:\/\/archive.sana.sy\/tr\/index.php?rest_route=%2Fwp%2Fv2%2Fmedia&parent=144727"}],"wp:term":[{"taxonomy":"category","embeddable":true,"href":"https:\/\/archive.sana.sy\/tr\/index.php?rest_route=%2Fwp%2Fv2%2Fcategories&post=144727"},{"taxonomy":"post_tag","embeddable":true,"href":"https:\/\/archive.sana.sy\/tr\/index.php?rest_route=%2Fwp%2Fv2%2Ftags&post=144727"}],"curies":[{"name":"wp","href":"https:\/\/api.w.org\/{rel}","templated":true}]}}