{"id":144772,"date":"2018-04-07T17:55:20","date_gmt":"2018-04-07T14:55:20","guid":{"rendered":"https:\/\/www.sana.sy\/tr\/?p=144772"},"modified":"2018-04-07T17:55:20","modified_gmt":"2018-04-07T14:55:20","slug":"ordu-birliklerimizin-dumada-ceysul-islama-karsi-hizli-azimli-ve-kararli-bir-sekilde-ilerlediklerine-vurgu-yapan-resmi-kaynak-dolayisiyla-ordu-birliklerimizin-agir-cokusler-yasayan","status":"publish","type":"post","link":"https:\/\/archive.sana.sy\/tr\/?p=144772","title":{"rendered":"Ordu birliklerimizin Duma\u2019da Cey\u015ful \u0130slam\u2019a kar\u015f\u0131 h\u0131zl\u0131, azimli ve kararl\u0131 bir \u015fekilde ilerlediklerine vurgu yapan resmi kaynak; dolay\u0131s\u0131yla ordu birliklerimizin a\u011f\u0131r \u00e7\u00f6k\u00fc\u015fler ya\u015fayan bu ter\u00f6ristlere kar\u015f\u0131 kimyasal silah kullanmas\u0131 i\u00e7in hi\u00e7bir neden ya da gerek\u00e7e olmad\u0131\u011f\u0131n\u0131n alt\u0131n\u0131 \u00e7izdi."},"content":{"rendered":"<p>Ordu birliklerimizin Duma\u2019da Cey\u015ful \u0130slam\u2019a kar\u015f\u0131 h\u0131zl\u0131, azimli ve kararl\u0131 bir \u015fekilde ilerlediklerine vurgu yapan resmi kaynak; dolay\u0131s\u0131yla ordu birliklerimizin a\u011f\u0131r \u00e7\u00f6k\u00fc\u015fler ya\u015fayan bu ter\u00f6ristlere kar\u015f\u0131 kimyasal silah kullanmas\u0131 i\u00e7in hi\u00e7bir neden ya da gerek\u00e7e olmad\u0131\u011f\u0131n\u0131n alt\u0131n\u0131 \u00e7izdi.<\/p>\n","protected":false},"excerpt":{"rendered":"<p>Ordu birliklerimizin Duma\u2019da Cey\u015ful \u0130slam\u2019a kar\u015f\u0131 h\u0131zl\u0131, azimli ve kararl\u0131 bir \u015fekilde ilerlediklerine vurgu yapan resmi kaynak; dolay\u0131s\u0131yla ordu birliklerimizin a\u011f\u0131r \u00e7\u00f6k\u00fc\u015fler ya\u015fayan bu ter\u00f6ristlere kar\u015f\u0131 kimyasal silah kullanmas\u0131 i\u00e7in hi\u00e7bir neden ya da gerek\u00e7e olmad\u0131\u011f\u0131n\u0131n alt\u0131n\u0131 \u00e7izdi.<\/p>\n","protected":false},"author":1,"featured_media":0,"comment_status":"closed","ping_status":"closed","sticky":false,"template":"","format":"standard","meta":{"footnotes":""},"categories":[17991],"tags":[],"class_list":["post-144772","post","type-post","status-publish","format-standard","","category-son-dakika"],"_links":{"self":[{"href":"https:\/\/archive.sana.sy\/tr\/index.php?rest_route=\/wp\/v2\/posts\/144772","targetHints":{"allow":["GET"]}}],"collection":[{"href":"https:\/\/archive.sana.sy\/tr\/index.php?rest_route=\/wp\/v2\/posts"}],"about":[{"href":"https:\/\/archive.sana.sy\/tr\/index.php?rest_route=\/wp\/v2\/types\/post"}],"author":[{"embeddable":true,"href":"https:\/\/archive.sana.sy\/tr\/index.php?rest_route=\/wp\/v2\/users\/1"}],"replies":[{"embeddable":true,"href":"https:\/\/archive.sana.sy\/tr\/index.php?rest_route=%2Fwp%2Fv2%2Fcomments&post=144772"}],"version-history":[{"count":0,"href":"https:\/\/archive.sana.sy\/tr\/index.php?rest_route=\/wp\/v2\/posts\/144772\/revisions"}],"wp:attachment":[{"href":"https:\/\/archive.sana.sy\/tr\/index.php?rest_route=%2Fwp%2Fv2%2Fmedia&parent=144772"}],"wp:term":[{"taxonomy":"category","embeddable":true,"href":"https:\/\/archive.sana.sy\/tr\/index.php?rest_route=%2Fwp%2Fv2%2Fcategories&post=144772"},{"taxonomy":"post_tag","embeddable":true,"href":"https:\/\/archive.sana.sy\/tr\/index.php?rest_route=%2Fwp%2Fv2%2Ftags&post=144772"}],"curies":[{"name":"wp","href":"https:\/\/api.w.org\/{rel}","templated":true}]}}