{"id":144776,"date":"2018-04-07T18:15:25","date_gmt":"2018-04-07T15:15:25","guid":{"rendered":"https:\/\/www.sana.sy\/tr\/?p=144776"},"modified":"2018-04-08T11:41:47","modified_gmt":"2018-04-08T08:41:47","slug":"agir-kayiplara-ugratildiklari-her-defasinda-bu-asilsiz-senaryoya-bas-vuruyorlar","status":"publish","type":"post","link":"https:\/\/archive.sana.sy\/tr\/?p=144776","title":{"rendered":"A\u011f\u0131r Kay\u0131plara U\u011frat\u0131ld\u0131klar\u0131 Her Defas\u0131nda Bu As\u0131ls\u0131z Senaryoya Ba\u015f Vuruyorlar"},"content":{"rendered":"<p>\u015eAM KIRSALI \u2013 Resmi bir kaynak \u015eam k\u0131rsal\u0131 Duma Kentinde \u2018Cey\u015ful \u0130slam\u2019\u0131n ordu birliklerimiz kar\u015f\u0131s\u0131nda be\u015feri ve ekipman a\u00e7\u0131s\u0131ndan b\u00fcy\u00fck kay\u0131plara u\u011frat\u0131l\u0131p saflar\u0131nda ciddi \u00e7\u00f6k\u00fc\u015fler ya\u015fanmas\u0131 g\u00f6lgesinde ter\u00f6r \u00f6rg\u00fctleri ve yanda\u015f medyalar\u0131n\u0131n Duma\u2019da kimyasal silah kullanma provokasyonu ve tiyatro oyununa bir kez daha d\u00f6nd\u00fcklerini belirtti.<\/p>\n<p>Kaynak ter\u00f6r \u00f6rg\u00fctleri ve yanda\u015f medyalar\u0131n\u0131n Duma\u2019da kimyasal silah kullan\u0131m\u0131na ili\u015fkin \u00f6ne s\u00fcrd\u00fckleri iddialar\u0131n hi\u00e7bir asl\u0131 ger\u00e7e\u011fi olmad\u0131\u011f\u0131n\u0131n alt\u0131n\u0131 \u00e7izerken, amac\u0131n Cey\u015ful \u0130slam\u2019\u0131n a\u011f\u0131r kay\u0131plar\u0131n\u0131 \u00f6rtbas etme ve d\u0131\u015f m\u00fcdahale bahanesi yaratmak oldu\u011funun alt\u0131n\u0131 \u00e7izdi.<\/p>\n<p>Kimyasal silah sald\u0131r\u0131s\u0131 senaryosunun d\u0131\u015f g\u00fc\u00e7lere tabi ter\u00f6ristlerin al\u0131\u015f\u0131lagelen provokasyon al\u0131\u015fkanl\u0131klar\u0131 haline geldi\u011fine vurgu yapan kaynak; ordu birliklerimiz kar\u015f\u0131s\u0131nda a\u011f\u0131r hezimete u\u011frat\u0131ld\u0131klar\u0131 her zaman bu senaryoya ba\u015fvurduklar\u0131na vurgu yapt\u0131.<\/p>\n<p>Kaynak ter\u00f6ristlerin bir\u00e7ok b\u00f6lgede kimyasal silahlar\u0131 bizzat kendileri kulland\u0131klar\u0131na ve bunun da kan\u0131tlarla tespit edildi\u011fine vurgu yaparken, kurtar\u0131lan b\u00f6lgelerde ter\u00f6r yuvalar\u0131nda bulunan kimyasal madde ve ekipmanlar\u0131na dikkat \u00e7ekti.<\/p>\n<p>Ordu birliklerimizin Duma\u2019da Cey\u015ful \u0130slam\u2019a kar\u015f\u0131 h\u0131zl\u0131, azimli ve kararl\u0131 bir \u015fekilde ilerlediklerine vurgu yapan resmi kaynak; dolay\u0131s\u0131yla ordu birliklerimizin a\u011f\u0131r \u00e7\u00f6k\u00fc\u015fler ya\u015fayan bu ter\u00f6ristlere kar\u015f\u0131 kimyasal silah kullanmas\u0131 i\u00e7in hi\u00e7bir neden ya da gerek\u00e7e olmad\u0131\u011f\u0131n\u0131n alt\u0131n\u0131 \u00e7izdi.<\/p>\n<p>Resmi kaynak \u2018kimyasal silah senaryosunun daha \u00f6nce ne Halep ne de Do\u011fu \u011euta\u2019da ter\u00f6ristleri ordu birliklerimiz kar\u015f\u0131s\u0131nda yok olmaktan kurtarmayaca\u011f\u0131n\u0131n alt\u0131n\u0131 \u00e7izerken, Suriye&#8217;nin ordusu ve halk\u0131yla vatan topraklar\u0131n\u0131n her kar\u0131\u015f\u0131ndan yok etme azim ve kararl\u0131l\u0131\u011f\u0131n\u0131n alt\u0131n\u0131 \u00e7izdi.<\/p>\n","protected":false},"excerpt":{"rendered":"<p>\u015eAM KIRSALI \u2013 Resmi bir kaynak \u015eam k\u0131rsal\u0131 Duma Kentinde \u2018Cey\u015ful \u0130slam\u2019\u0131n ordu birliklerimiz kar\u015f\u0131s\u0131nda be\u015feri ve ekipman a\u00e7\u0131s\u0131ndan b\u00fcy\u00fck kay\u0131plara u\u011frat\u0131l\u0131p saflar\u0131nda ciddi \u00e7\u00f6k\u00fc\u015fler ya\u015fanmas\u0131 g\u00f6lgesinde ter\u00f6r \u00f6rg\u00fctleri ve yanda\u015f medyalar\u0131n\u0131n Duma\u2019da kimyasal silah kullanma provokasyonu ve tiyatro oyununa bir kez daha d\u00f6nd\u00fcklerini belirtti. Kaynak ter\u00f6r \u00f6rg\u00fctleri ve yanda\u015f medyalar\u0131n\u0131n Duma\u2019da kimyasal silah kullan\u0131m\u0131na &hellip;<\/p>\n","protected":false},"author":1,"featured_media":144781,"comment_status":"closed","ping_status":"closed","sticky":false,"template":"","format":"standard","meta":{"footnotes":""},"categories":[479,575,17988,478],"tags":[21046,18387,25024,18674,16591,11549,19034,22181],"class_list":["post-144776","post","type-post","status-publish","format-standard","has-post-thumbnail","","category-haberler-yerel","category-olaylar-ve-gercekler","category-son-haberler","category-yerel","tag-ceysul-islam","tag-kimyasal-silah","tag-kimyasal-silah-saldirisi","tag-silahli-muhalifler","tag-suriye","tag-suriye-ordusu","tag-suriyeli-muhalifler","tag-suriyeliler"],"_links":{"self":[{"href":"https:\/\/archive.sana.sy\/tr\/index.php?rest_route=\/wp\/v2\/posts\/144776","targetHints":{"allow":["GET"]}}],"collection":[{"href":"https:\/\/archive.sana.sy\/tr\/index.php?rest_route=\/wp\/v2\/posts"}],"about":[{"href":"https:\/\/archive.sana.sy\/tr\/index.php?rest_route=\/wp\/v2\/types\/post"}],"author":[{"embeddable":true,"href":"https:\/\/archive.sana.sy\/tr\/index.php?rest_route=\/wp\/v2\/users\/1"}],"replies":[{"embeddable":true,"href":"https:\/\/archive.sana.sy\/tr\/index.php?rest_route=%2Fwp%2Fv2%2Fcomments&post=144776"}],"version-history":[{"count":0,"href":"https:\/\/archive.sana.sy\/tr\/index.php?rest_route=\/wp\/v2\/posts\/144776\/revisions"}],"wp:featuredmedia":[{"embeddable":true,"href":"https:\/\/archive.sana.sy\/tr\/index.php?rest_route=\/wp\/v2\/media\/144781"}],"wp:attachment":[{"href":"https:\/\/archive.sana.sy\/tr\/index.php?rest_route=%2Fwp%2Fv2%2Fmedia&parent=144776"}],"wp:term":[{"taxonomy":"category","embeddable":true,"href":"https:\/\/archive.sana.sy\/tr\/index.php?rest_route=%2Fwp%2Fv2%2Fcategories&post=144776"},{"taxonomy":"post_tag","embeddable":true,"href":"https:\/\/archive.sana.sy\/tr\/index.php?rest_route=%2Fwp%2Fv2%2Ftags&post=144776"}],"curies":[{"name":"wp","href":"https:\/\/api.w.org\/{rel}","templated":true}]}}