{"id":144782,"date":"2018-04-07T18:15:32","date_gmt":"2018-04-07T15:15:32","guid":{"rendered":"https:\/\/www.sana.sy\/tr\/?p=144782"},"modified":"2018-04-07T18:15:32","modified_gmt":"2018-04-07T15:15:32","slug":"radikal-teror-orgutu-ceysul-islamin-sam-ve-kirsalina-gaddar-fuze-saldirilarinda-onlarca-sivil-vatandas-sehit-ve-yarali-dustu","status":"publish","type":"post","link":"https:\/\/archive.sana.sy\/tr\/?p=144782","title":{"rendered":"Radikal ter\u00f6r \u00f6rg\u00fct\u00fc Cey\u015ful \u0130slam\u2019\u0131n \u015eam ve k\u0131rsal\u0131na gaddar f\u00fcze sald\u0131r\u0131lar\u0131nda onlarca sivil vatanda\u015f \u015fehit ve yaral\u0131 d\u00fc\u015ft\u00fc"},"content":{"rendered":"<p>Radikal ter\u00f6r \u00f6rg\u00fct\u00fc Cey\u015ful \u0130slam\u2019\u0131n \u015eam ve k\u0131rsal\u0131na gaddar f\u00fcze sald\u0131r\u0131lar\u0131nda onlarca sivil vatanda\u015f \u015fehit ve yaral\u0131 d\u00fc\u015ft\u00fc<\/p>\n<p>https:\/\/www.youtube.com\/watch?v=-IMdFICp1-A<\/p>\n","protected":false},"excerpt":{"rendered":"<p>Radikal ter\u00f6r \u00f6rg\u00fct\u00fc Cey\u015ful \u0130slam\u2019\u0131n \u015eam ve k\u0131rsal\u0131na gaddar f\u00fcze sald\u0131r\u0131lar\u0131nda onlarca sivil vatanda\u015f \u015fehit ve yaral\u0131 d\u00fc\u015ft\u00fc https:\/\/www.youtube.com\/watch?v=-IMdFICp1-A<\/p>\n","protected":false},"author":1,"featured_media":144740,"comment_status":"closed","ping_status":"closed","sticky":false,"template":"","format":"standard","meta":{"footnotes":""},"categories":[18295],"tags":[21046,5234,2755,18174,24111,16591,19034,22181],"class_list":["post-144782","post","type-post","status-publish","format-standard","has-post-thumbnail","","category-sana-video","tag-ceysul-islam","tag-duma","tag-sam","tag-sivillere-saldiri","tag-sivilleri-bombaladi","tag-suriye","tag-suriyeli-muhalifler","tag-suriyeliler"],"_links":{"self":[{"href":"https:\/\/archive.sana.sy\/tr\/index.php?rest_route=\/wp\/v2\/posts\/144782","targetHints":{"allow":["GET"]}}],"collection":[{"href":"https:\/\/archive.sana.sy\/tr\/index.php?rest_route=\/wp\/v2\/posts"}],"about":[{"href":"https:\/\/archive.sana.sy\/tr\/index.php?rest_route=\/wp\/v2\/types\/post"}],"author":[{"embeddable":true,"href":"https:\/\/archive.sana.sy\/tr\/index.php?rest_route=\/wp\/v2\/users\/1"}],"replies":[{"embeddable":true,"href":"https:\/\/archive.sana.sy\/tr\/index.php?rest_route=%2Fwp%2Fv2%2Fcomments&post=144782"}],"version-history":[{"count":0,"href":"https:\/\/archive.sana.sy\/tr\/index.php?rest_route=\/wp\/v2\/posts\/144782\/revisions"}],"wp:featuredmedia":[{"embeddable":true,"href":"https:\/\/archive.sana.sy\/tr\/index.php?rest_route=\/wp\/v2\/media\/144740"}],"wp:attachment":[{"href":"https:\/\/archive.sana.sy\/tr\/index.php?rest_route=%2Fwp%2Fv2%2Fmedia&parent=144782"}],"wp:term":[{"taxonomy":"category","embeddable":true,"href":"https:\/\/archive.sana.sy\/tr\/index.php?rest_route=%2Fwp%2Fv2%2Fcategories&post=144782"},{"taxonomy":"post_tag","embeddable":true,"href":"https:\/\/archive.sana.sy\/tr\/index.php?rest_route=%2Fwp%2Fv2%2Ftags&post=144782"}],"curies":[{"name":"wp","href":"https:\/\/api.w.org\/{rel}","templated":true}]}}