{"id":144790,"date":"2018-04-08T10:00:14","date_gmt":"2018-04-08T07:00:14","guid":{"rendered":"https:\/\/www.sana.sy\/tr\/?p=144790"},"modified":"2018-04-09T12:27:05","modified_gmt":"2018-04-09T09:27:05","slug":"ceysul-islam-uzlasma-gorusmeleri-istedi","status":"publish","type":"post","link":"https:\/\/archive.sana.sy\/tr\/?p=144790","title":{"rendered":"T\u00fcm Rehineleri Serbest B\u0131rak\u0131p 48 Saat \u0130\u00e7inde Duma\u2019y\u0131 Terk Edecekler"},"content":{"rendered":"<p>\u015eAM KIRSALI \u2013 Resmi bir kaynak \u015eam k\u0131rsal\u0131 Duma Kentinde bulunan ter\u00f6r \u00f6rg\u00fct\u00fc \u2018Cey\u015ful \u0130slam\u2019a tabi t\u00fcm ter\u00f6ristlerin 48 saat i\u00e7inde Duma Kentini terk edip Halep k\u0131rsal\u0131n\u0131n Cerablus B\u00f6lgesine aktar\u0131lmalar\u0131 mukabilinde y\u0131llard\u0131r rehine tuttu\u011fu t\u00fcm sivillerin Duma\u2019da serbest olarak \u00e7\u0131kmalar\u0131 \u00fczerine anla\u015fma sa\u011fland\u0131\u011f\u0131n\u0131 ilan etti.<\/p>\n<p>Kaynak \u2018Cey\u015ful \u0130slam\u2019\u0131n y\u0131llard\u0131r fakl\u0131 b\u00f6lgelerden ka\u00e7\u0131r\u0131p rehine ald\u0131\u011f\u0131 t\u00fcm vatanda\u015flar\u0131n yan\u0131 s\u0131ra Duma Kenti ahalisinden olup ter\u00f6ristlerin canl\u0131 kalkan olarak kulland\u0131klar\u0131 vatanda\u015flar\u0131n kurtar\u0131lmalar\u0131nda devletin bulundu\u011fu vaatleri yerine getirdi\u011fine dikkat \u00e7ekti.<\/p>\n<p>Kaynak; anla\u015fman\u0131n sa\u011flanmas\u0131 ard\u0131ndan onlarca otob\u00fcs\u00fcn Duma Kentine girdi\u011fini belirtirken tahliye i\u015flemlerinin derhal ba\u015flat\u0131laca\u011f\u0131na dikkat \u00e7ekti.<\/p>\n<p>G\u00fcn\u00fcn erken saatlerinde ise resmi kaynak \u015eam k\u0131rsal\u0131 Duma Kentinde bulunan radikal ter\u00f6r \u00f6rg\u00fct\u00fc Cey\u015ful \u0130slam\u2019\u0131n devlet ile uzla\u015fma g\u00f6r\u00fc\u015fmeleri talebinde bulundu\u011funu belirtmi\u015fti.<\/p>\n<p>Resmi kaynak radikal ter\u00f6r \u00f6rg\u00fct\u00fc Cey\u015ful \u0130slam\u2019\u0131n uzla\u015fma g\u00f6r\u00fc\u015fmeleri talebinde bulunmas\u0131n\u0131n, ordu birliklerimizin Duma Kenti ahalisinin yan\u0131 s\u0131ra radikal ter\u00f6ristlerin ge\u00e7en yedi y\u0131ll\u0131k s\u00fcre i\u00e7inde Suriye&#8217;nin farkl\u0131 b\u00f6lgelerinden ka\u00e7\u0131r\u0131p rehine ald\u0131\u011f\u0131 masum insanlar\u0131 kurtarma ama\u00e7l\u0131 askeri operasyonlarda ter\u00f6ristleri be\u015feri ve askeri b\u00fcy\u00fck kay\u0131plara u\u011fratmalar\u0131 ard\u0131ndan geldi\u011finin alt\u0131n\u0131 \u00e7izdi.<\/p>\n<p>Devletin sivillerin selametini koruma ve binlerce rehineyi kurtarma \u00f6zeni kapsam\u0131nda Cey\u015ful \u0130slam\u2019\u0131n uzla\u015fma talebini kabul etti\u011fine i\u015faret eden kaynak; fakat radikal \u00f6rg\u00fct\u00fcn uzla\u015fma iradesi ve iste\u011finden ku\u015fkulu oldu\u011funun da alt\u0131n\u0131 \u00e7izdi.<\/p>\n<p>Resmi bir kaynak Duma\u2019da Cey\u015ful \u0130slam\u2019\u0131n gece boyunca uzla\u015fma g\u00f6r\u00fc\u015fmeleri i\u00e7in imdat istemesi ard\u0131ndan yap\u0131lacak g\u00f6r\u00fc\u015fmelerin mutlak bir \u015fekilde Suriye devleti ile oldu\u011funu belirtti.<\/p>\n<p>Resmi kaynak Suriye devletinin Duma\u2019da \u2018Cey\u015ful \u0130slam\u2019 ile g\u00f6r\u00fc\u015fmelere girmeyi kabul etmesinin temel amac\u0131n\u0131n Duma\u2019da sivillerin selametini koruma, ter\u00f6ristlerin rehine tuttuklar\u0131 t\u00fcm vatanda\u015flar\u0131 serbest b\u0131rakma ve t\u00fcm silahlar\u0131n\u0131 teslim etmeyi reddedenlerin Cerablus\u2019a aktar\u0131lmalar\u0131 oldu\u011funun alt\u0131n\u0131 \u00e7izdi.<\/p>\n<div id='gallery-1' class='gallery galleryid-144790 gallery-columns-4 gallery-size-thumbnail'><figure class='gallery-item'>\n\t\t\t<div class='gallery-icon landscape'>\n\t\t\t\t<a href='https:\/\/archive.sana.sy\/tr\/wp-content\/uploads\/2018\/04\/1-84.jpg'><img loading=\"lazy\" decoding=\"async\" width=\"150\" height=\"84\" src=\"https:\/\/archive.sana.sy\/tr\/wp-content\/uploads\/2018\/04\/1-84-150x84.jpg\" class=\"attachment-thumbnail size-thumbnail\" alt=\"\" srcset=\"https:\/\/archive.sana.sy\/tr\/wp-content\/uploads\/2018\/04\/1-84-150x84.jpg 150w, https:\/\/archive.sana.sy\/tr\/wp-content\/uploads\/2018\/04\/1-84-300x169.jpg 300w, https:\/\/archive.sana.sy\/tr\/wp-content\/uploads\/2018\/04\/1-84-768x431.jpg 768w, https:\/\/archive.sana.sy\/tr\/wp-content\/uploads\/2018\/04\/1-84-1024x575.jpg 1024w, https:\/\/archive.sana.sy\/tr\/wp-content\/uploads\/2018\/04\/1-84.jpg 1200w\" sizes=\"auto, (max-width: 150px) 100vw, 150px\" \/><\/a>\n\t\t\t<\/div><\/figure><figure class='gallery-item'>\n\t\t\t<div class='gallery-icon landscape'>\n\t\t\t\t<a href='https:\/\/archive.sana.sy\/tr\/wp-content\/uploads\/2018\/04\/3-24.jpg'><img loading=\"lazy\" decoding=\"async\" width=\"150\" height=\"112\" src=\"https:\/\/archive.sana.sy\/tr\/wp-content\/uploads\/2018\/04\/3-24-150x112.jpg\" class=\"attachment-thumbnail size-thumbnail\" alt=\"\" srcset=\"https:\/\/archive.sana.sy\/tr\/wp-content\/uploads\/2018\/04\/3-24-150x112.jpg 150w, https:\/\/archive.sana.sy\/tr\/wp-content\/uploads\/2018\/04\/3-24-300x225.jpg 300w, https:\/\/archive.sana.sy\/tr\/wp-content\/uploads\/2018\/04\/3-24-768x575.jpg 768w, https:\/\/archive.sana.sy\/tr\/wp-content\/uploads\/2018\/04\/3-24-1024x767.jpg 1024w, https:\/\/archive.sana.sy\/tr\/wp-content\/uploads\/2018\/04\/3-24.jpg 1200w\" sizes=\"auto, (max-width: 150px) 100vw, 150px\" \/><\/a>\n\t\t\t<\/div><\/figure><figure class='gallery-item'>\n\t\t\t<div class='gallery-icon landscape'>\n\t\t\t\t<a href='https:\/\/archive.sana.sy\/tr\/wp-content\/uploads\/2018\/04\/4-14.jpg'><img loading=\"lazy\" decoding=\"async\" width=\"150\" height=\"112\" src=\"https:\/\/archive.sana.sy\/tr\/wp-content\/uploads\/2018\/04\/4-14-150x112.jpg\" class=\"attachment-thumbnail size-thumbnail\" alt=\"\" srcset=\"https:\/\/archive.sana.sy\/tr\/wp-content\/uploads\/2018\/04\/4-14-150x112.jpg 150w, https:\/\/archive.sana.sy\/tr\/wp-content\/uploads\/2018\/04\/4-14-300x225.jpg 300w, https:\/\/archive.sana.sy\/tr\/wp-content\/uploads\/2018\/04\/4-14-768x575.jpg 768w, https:\/\/archive.sana.sy\/tr\/wp-content\/uploads\/2018\/04\/4-14-1024x767.jpg 1024w, https:\/\/archive.sana.sy\/tr\/wp-content\/uploads\/2018\/04\/4-14.jpg 1200w\" sizes=\"auto, (max-width: 150px) 100vw, 150px\" \/><\/a>\n\t\t\t<\/div><\/figure><figure class='gallery-item'>\n\t\t\t<div class='gallery-icon landscape'>\n\t\t\t\t<a href='https:\/\/archive.sana.sy\/tr\/wp-content\/uploads\/2018\/04\/5-13.jpg'><img loading=\"lazy\" decoding=\"async\" width=\"150\" height=\"84\" src=\"https:\/\/archive.sana.sy\/tr\/wp-content\/uploads\/2018\/04\/5-13-150x84.jpg\" class=\"attachment-thumbnail size-thumbnail\" alt=\"\" srcset=\"https:\/\/archive.sana.sy\/tr\/wp-content\/uploads\/2018\/04\/5-13-150x84.jpg 150w, https:\/\/archive.sana.sy\/tr\/wp-content\/uploads\/2018\/04\/5-13-300x169.jpg 300w, https:\/\/archive.sana.sy\/tr\/wp-content\/uploads\/2018\/04\/5-13-768x431.jpg 768w, https:\/\/archive.sana.sy\/tr\/wp-content\/uploads\/2018\/04\/5-13-1024x575.jpg 1024w, https:\/\/archive.sana.sy\/tr\/wp-content\/uploads\/2018\/04\/5-13.jpg 1200w\" sizes=\"auto, (max-width: 150px) 100vw, 150px\" \/><\/a>\n\t\t\t<\/div><\/figure>\n\t\t<\/div>\n\n","protected":false},"excerpt":{"rendered":"<p>\u015eAM KIRSALI \u2013 Resmi bir kaynak \u015eam k\u0131rsal\u0131 Duma Kentinde bulunan ter\u00f6r \u00f6rg\u00fct\u00fc \u2018Cey\u015ful \u0130slam\u2019a tabi t\u00fcm ter\u00f6ristlerin 48 saat i\u00e7inde Duma Kentini terk edip Halep k\u0131rsal\u0131n\u0131n Cerablus B\u00f6lgesine aktar\u0131lmalar\u0131 mukabilinde y\u0131llard\u0131r rehine tuttu\u011fu t\u00fcm sivillerin Duma\u2019da serbest olarak \u00e7\u0131kmalar\u0131 \u00fczerine anla\u015fma sa\u011fland\u0131\u011f\u0131n\u0131 ilan etti. Kaynak \u2018Cey\u015ful \u0130slam\u2019\u0131n y\u0131llard\u0131r fakl\u0131 b\u00f6lgelerden ka\u00e7\u0131r\u0131p rehine ald\u0131\u011f\u0131 t\u00fcm &hellip;<\/p>\n","protected":false},"author":1,"featured_media":144919,"comment_status":"closed","ping_status":"closed","sticky":false,"template":"","format":"standard","meta":{"footnotes":""},"categories":[596,479,575,17988,478],"tags":[21046,17322,5234,35244,2755,2297,16591,11549,19034,22181],"class_list":["post-144790","post","type-post","status-publish","format-standard","has-post-thumbnail","","category-fotografli-raporlar","category-haberler-yerel","category-olaylar-ve-gercekler","category-son-haberler","category-yerel","tag-ceysul-islam","tag-dogu-guta","tag-duma","tag-guta","tag-sam","tag-sam-kirsali","tag-suriye","tag-suriye-ordusu","tag-suriyeli-muhalifler","tag-suriyeliler"],"_links":{"self":[{"href":"https:\/\/archive.sana.sy\/tr\/index.php?rest_route=\/wp\/v2\/posts\/144790","targetHints":{"allow":["GET"]}}],"collection":[{"href":"https:\/\/archive.sana.sy\/tr\/index.php?rest_route=\/wp\/v2\/posts"}],"about":[{"href":"https:\/\/archive.sana.sy\/tr\/index.php?rest_route=\/wp\/v2\/types\/post"}],"author":[{"embeddable":true,"href":"https:\/\/archive.sana.sy\/tr\/index.php?rest_route=\/wp\/v2\/users\/1"}],"replies":[{"embeddable":true,"href":"https:\/\/archive.sana.sy\/tr\/index.php?rest_route=%2Fwp%2Fv2%2Fcomments&post=144790"}],"version-history":[{"count":0,"href":"https:\/\/archive.sana.sy\/tr\/index.php?rest_route=\/wp\/v2\/posts\/144790\/revisions"}],"wp:featuredmedia":[{"embeddable":true,"href":"https:\/\/archive.sana.sy\/tr\/index.php?rest_route=\/wp\/v2\/media\/144919"}],"wp:attachment":[{"href":"https:\/\/archive.sana.sy\/tr\/index.php?rest_route=%2Fwp%2Fv2%2Fmedia&parent=144790"}],"wp:term":[{"taxonomy":"category","embeddable":true,"href":"https:\/\/archive.sana.sy\/tr\/index.php?rest_route=%2Fwp%2Fv2%2Fcategories&post=144790"},{"taxonomy":"post_tag","embeddable":true,"href":"https:\/\/archive.sana.sy\/tr\/index.php?rest_route=%2Fwp%2Fv2%2Ftags&post=144790"}],"curies":[{"name":"wp","href":"https:\/\/api.w.org\/{rel}","templated":true}]}}