{"id":144792,"date":"2018-04-08T11:00:44","date_gmt":"2018-04-08T08:00:44","guid":{"rendered":"https:\/\/www.sana.sy\/tr\/?p=144792"},"modified":"2018-04-09T14:52:15","modified_gmt":"2018-04-09T11:52:15","slug":"yeni-goruntuler-abd-koalisyonun-yol-actigi-yikim-hacmini-gosteriyor","status":"publish","type":"post","link":"https:\/\/archive.sana.sy\/tr\/?p=144792","title":{"rendered":"Yeni G\u00f6r\u00fcnt\u00fcler ABD Koalisyonun Yol A\u00e7t\u0131\u011f\u0131 Y\u0131k\u0131m Hacmini G\u00f6steriyor"},"content":{"rendered":"<p>MOSKOVA \u2013 Rusya Savunma Bakanl\u0131\u011f\u0131n\u0131n Rakka Kentinin uzaydan g\u00f6r\u00fcnt\u00fclerine ili\u015fkin yay\u0131nlad\u0131\u011f\u0131 yeni g\u00f6r\u00fcnt\u00fclerde ABD komutas\u0131nda hareket eden ve uluslar aras\u0131 kanunlara ayk\u0131r\u0131 d\u00fc\u015fen koalisyon g\u00fc\u00e7lerinin ge\u00e7en y\u0131l\u0131n son yar\u0131s\u0131nda \u201cRakka Kentini I\u015e\u0130D\u2019ten kurtarma\u201d bahanesi alt\u0131nda bulundu\u011fu bombard\u0131manla kentte yol a\u00e7t\u0131\u011f\u0131 y\u0131k\u0131m\u0131n deh\u015fet verici hacmini g\u00f6sterdi.<\/p>\n<p>Bakanl\u0131k resmi web sitesinde yay\u0131nlad\u0131\u011f\u0131 b\u00fcltende; havadan al\u0131nan g\u00f6r\u00fcnt\u00fclerde Rakka Kentinin bir k\u0131s\u0131m yerle\u015fim alanlar\u0131n\u0131n tamamen yerle bir oldu\u011fu, hastane, cami, okul ve altyap\u0131 hizmet kurumlar\u0131n\u0131n tamamen yok edildi\u011fini g\u00f6sterdi\u011fine dikkat \u00e7ekti.<\/p>\n<p>Rus bakanl\u0131k Rakka Kentinde mevcut insani durumlara bir kez daha dikkat \u00e7ekerken, insani yard\u0131mlar\u0131n ula\u015ft\u0131r\u0131lmas\u0131n\u0131n engellenmesi ve Rakka\u2019da bulunan patlay\u0131c\u0131 d\u00fczenekleri nedeniyle daha fazla masum insan\u0131n \u00f6ld\u00fcr\u00fclmesi g\u00f6lgesinde kentte b\u00fcy\u00fck bir facian\u0131n ya\u015fanabilece\u011fine i\u015faret etti.<\/p>\n<p>ABD koalisyonunun daha \u00f6nce patlamayan bomba ve may\u0131nlar\u0131n kentte evlerine d\u00f6nen vatanda\u015flarla patlamalar\u0131yla haftada en az 25 ila 30 aras\u0131nda isabetin kaydedildi\u011fine dikkat \u00e7eken bakanl\u0131k; \u015fu ana dek 130 ki\u015finin bu bombalar ve may\u0131nlar sonucunda ya\u015famlar\u0131n\u0131 yitirdiklerini, 658 ki\u015finin de yaraland\u0131\u011f\u0131n\u0131 kaydetti.<\/p>\n","protected":false},"excerpt":{"rendered":"<p>MOSKOVA \u2013 Rusya Savunma Bakanl\u0131\u011f\u0131n\u0131n Rakka Kentinin uzaydan g\u00f6r\u00fcnt\u00fclerine ili\u015fkin yay\u0131nlad\u0131\u011f\u0131 yeni g\u00f6r\u00fcnt\u00fclerde ABD komutas\u0131nda hareket eden ve uluslar aras\u0131 kanunlara ayk\u0131r\u0131 d\u00fc\u015fen koalisyon g\u00fc\u00e7lerinin ge\u00e7en y\u0131l\u0131n son yar\u0131s\u0131nda \u201cRakka Kentini I\u015e\u0130D\u2019ten kurtarma\u201d bahanesi alt\u0131nda bulundu\u011fu bombard\u0131manla kentte yol a\u00e7t\u0131\u011f\u0131 y\u0131k\u0131m\u0131n deh\u015fet verici hacmini g\u00f6sterdi. Bakanl\u0131k resmi web sitesinde yay\u0131nlad\u0131\u011f\u0131 b\u00fcltende; havadan al\u0131nan g\u00f6r\u00fcnt\u00fclerde Rakka &hellip;<\/p>\n","protected":false},"author":1,"featured_media":144795,"comment_status":"closed","ping_status":"closed","sticky":false,"template":"","format":"standard","meta":{"footnotes":""},"categories":[458,459,17988],"tags":[19160,2318,2493,17041,16591,35759,2517],"class_list":["post-144792","post","type-post","status-publish","format-standard","has-post-thumbnail","","category-dunya1","category-haberler-arap-uluslararasi-politika","category-son-haberler","tag-abd-koalisyonu","tag-isid","tag-rakka","tag-rusya-savunma-bakanligi","tag-suriye","tag-uluslararasi-gucler","tag-uluslararasi-koalisyon"],"_links":{"self":[{"href":"https:\/\/archive.sana.sy\/tr\/index.php?rest_route=\/wp\/v2\/posts\/144792","targetHints":{"allow":["GET"]}}],"collection":[{"href":"https:\/\/archive.sana.sy\/tr\/index.php?rest_route=\/wp\/v2\/posts"}],"about":[{"href":"https:\/\/archive.sana.sy\/tr\/index.php?rest_route=\/wp\/v2\/types\/post"}],"author":[{"embeddable":true,"href":"https:\/\/archive.sana.sy\/tr\/index.php?rest_route=\/wp\/v2\/users\/1"}],"replies":[{"embeddable":true,"href":"https:\/\/archive.sana.sy\/tr\/index.php?rest_route=%2Fwp%2Fv2%2Fcomments&post=144792"}],"version-history":[{"count":0,"href":"https:\/\/archive.sana.sy\/tr\/index.php?rest_route=\/wp\/v2\/posts\/144792\/revisions"}],"wp:featuredmedia":[{"embeddable":true,"href":"https:\/\/archive.sana.sy\/tr\/index.php?rest_route=\/wp\/v2\/media\/144795"}],"wp:attachment":[{"href":"https:\/\/archive.sana.sy\/tr\/index.php?rest_route=%2Fwp%2Fv2%2Fmedia&parent=144792"}],"wp:term":[{"taxonomy":"category","embeddable":true,"href":"https:\/\/archive.sana.sy\/tr\/index.php?rest_route=%2Fwp%2Fv2%2Fcategories&post=144792"},{"taxonomy":"post_tag","embeddable":true,"href":"https:\/\/archive.sana.sy\/tr\/index.php?rest_route=%2Fwp%2Fv2%2Ftags&post=144792"}],"curies":[{"name":"wp","href":"https:\/\/api.w.org\/{rel}","templated":true}]}}