{"id":14515,"date":"2014-11-03T11:09:49","date_gmt":"2014-11-03T09:09:49","guid":{"rendered":"http:\/\/www.sana.sy\/tr\/?p=14515"},"modified":"2014-11-04T13:06:40","modified_gmt":"2014-11-04T11:06:40","slug":"isid-deyrezzor-ve-albukamalde-12-vatandasi-infaz-ederek-yeni-katliama-imza-atti","status":"publish","type":"post","link":"https:\/\/archive.sana.sy\/tr\/?p=14515","title":{"rendered":"I\u015e\u0130D Deyrezzor ve Albukamal\u2019de 12 Vatanda\u015f\u0131 \u0130nfaz Ederek Yeni Katliama \u0130mza Att\u0131"},"content":{"rendered":"<p>DEYREZZOR \u2013 I\u015e\u0130D ter\u00f6r \u00f6rg\u00fct\u00fc bug\u00fcn Deyrezzor\u2019da Deyrezzor ve Albukamal Kentlerinden 12 vatanda\u015f\u0131n kurban gitti\u011fi yeni bir katliama imza att\u0131.<\/p>\n<p>Yerel kaynaklar SANA muhabirine a\u00e7\u0131klamalar\u0131nda, \u00f6rg\u00fct ter\u00f6ristlerinin, 3 vatanda\u015f\u0131 \u00f6ld\u00fcr\u00fcp ba\u015flar\u0131n\u0131 bedenlerinden ay\u0131rd\u0131klar\u0131n\u0131 ve cesetlerini Deyrezzor Kenti Tekaya Caddesinde ast\u0131klar\u0131n\u0131 s\u00f6yledi.<\/p>\n<p>Kaynaklar, \u00f6rg\u00fct ter\u00f6ristlerinin daha \u00f6nce ellerinde rehin tuttuklar\u0131 9 vatanda\u015f\u0131 ba\u015flar\u0131na s\u0131kt\u0131klar\u0131 kur\u015funlarla \u00f6ld\u00fcrerek kentin do\u011fu k\u0131rsal\u0131ndaki Albukamal kentinin giri\u015finde \u00e7arm\u0131ha gerdiklerini ifade ettiler.<\/p>\n","protected":false},"excerpt":{"rendered":"<p>DEYREZZOR \u2013 I\u015e\u0130D ter\u00f6r \u00f6rg\u00fct\u00fc bug\u00fcn Deyrezzor\u2019da Deyrezzor ve Albukamal Kentlerinden 12 vatanda\u015f\u0131n kurban gitti\u011fi yeni bir katliama imza att\u0131. Yerel kaynaklar SANA muhabirine a\u00e7\u0131klamalar\u0131nda, \u00f6rg\u00fct ter\u00f6ristlerinin, 3 vatanda\u015f\u0131 \u00f6ld\u00fcr\u00fcp ba\u015flar\u0131n\u0131 bedenlerinden ay\u0131rd\u0131klar\u0131n\u0131 ve cesetlerini Deyrezzor Kenti Tekaya Caddesinde ast\u0131klar\u0131n\u0131 s\u00f6yledi. Kaynaklar, \u00f6rg\u00fct ter\u00f6ristlerinin daha \u00f6nce ellerinde rehin tuttuklar\u0131 9 vatanda\u015f\u0131 ba\u015flar\u0131na s\u0131kt\u0131klar\u0131 kur\u015funlarla \u00f6ld\u00fcrerek &hellip;<\/p>\n","protected":false},"author":1,"featured_media":14516,"comment_status":"closed","ping_status":"closed","sticky":false,"template":"","format":"standard","meta":{"footnotes":""},"categories":[575],"tags":[4888,4886,4887,4889],"class_list":["post-14515","post","type-post","status-publish","format-standard","has-post-thumbnail","","category-olaylar-ve-gercekler","tag-3-vatandasi-oldurup-baslarini-bedenlerinden-ayirdiklarini-ve-cesetlerini-deyrezzor-kenti-tekaya-caddesinde-astiklarini-soyledi-kaynaklar","tag-isid-deyrezzor-ve-albukamalde-12-vatandasi-infaz-ederek-yeni-katliama-imza-atti-deyrezzor-isid-teror-orgutu-bugun-deyrezzorda-deyrezzor-ve-albukamal-kentlerinden-12-vatanda","tag-orgut-teroristlerinin","tag-orgut-teroristlerinin-daha-once-ellerinde-rehin-tuttuklari-9-vatandasi-baslarina-siktiklari-kursunlarla-oldurerek-kentin-dogu-kirsalindaki-albukamal-kentinin-girisinde-carmiha-gerdiklerini-ifade-ettil"],"_links":{"self":[{"href":"https:\/\/archive.sana.sy\/tr\/index.php?rest_route=\/wp\/v2\/posts\/14515","targetHints":{"allow":["GET"]}}],"collection":[{"href":"https:\/\/archive.sana.sy\/tr\/index.php?rest_route=\/wp\/v2\/posts"}],"about":[{"href":"https:\/\/archive.sana.sy\/tr\/index.php?rest_route=\/wp\/v2\/types\/post"}],"author":[{"embeddable":true,"href":"https:\/\/archive.sana.sy\/tr\/index.php?rest_route=\/wp\/v2\/users\/1"}],"replies":[{"embeddable":true,"href":"https:\/\/archive.sana.sy\/tr\/index.php?rest_route=%2Fwp%2Fv2%2Fcomments&post=14515"}],"version-history":[{"count":0,"href":"https:\/\/archive.sana.sy\/tr\/index.php?rest_route=\/wp\/v2\/posts\/14515\/revisions"}],"wp:featuredmedia":[{"embeddable":true,"href":"https:\/\/archive.sana.sy\/tr\/index.php?rest_route=\/wp\/v2\/media\/14516"}],"wp:attachment":[{"href":"https:\/\/archive.sana.sy\/tr\/index.php?rest_route=%2Fwp%2Fv2%2Fmedia&parent=14515"}],"wp:term":[{"taxonomy":"category","embeddable":true,"href":"https:\/\/archive.sana.sy\/tr\/index.php?rest_route=%2Fwp%2Fv2%2Fcategories&post=14515"},{"taxonomy":"post_tag","embeddable":true,"href":"https:\/\/archive.sana.sy\/tr\/index.php?rest_route=%2Fwp%2Fv2%2Ftags&post=14515"}],"curies":[{"name":"wp","href":"https:\/\/api.w.org\/{rel}","templated":true}]}}