{"id":145647,"date":"2018-04-14T13:05:26","date_gmt":"2018-04-14T10:05:26","guid":{"rendered":"https:\/\/www.sana.sy\/tr\/?p=145647"},"modified":"2018-04-15T14:55:26","modified_gmt":"2018-04-15T11:55:26","slug":"hava-savunma-gucleri-dusman-fuzelerin-buyuk-cogunlugunu-imha-etti","status":"publish","type":"post","link":"https:\/\/archive.sana.sy\/tr\/?p=145647","title":{"rendered":"Hava Savunma G\u00fc\u00e7leri D\u00fc\u015fman F\u00fczelerin B\u00fcy\u00fck \u00c7o\u011funlu\u011funu \u0130mha Etti (video)"},"content":{"rendered":"<p>\u015eAM \u2013 Hava savunma g\u00fc\u00e7lerimiz bug\u00fcn erken saatlerde ABD, \u0130ngiltere ve Fransa\u2019n\u0131n \u015eam yak\u0131nlar\u0131 ve Homs k\u0131rsal\u0131n\u0131n farkl\u0131 b\u00f6lgelerine bulunduklar\u0131 d\u00fc\u015fmanc\u0131 sald\u0131r\u0131ya ba\u015far\u0131 koydu.<\/p>\n<p><a href=\"https:\/\/www.sana.sy\/tr\/wp-content\/uploads\/2018\/04\/DSC_4695.jpg\"><img loading=\"lazy\" decoding=\"async\" class=\"alignright wp-image-145649 size-medium\" src=\"https:\/\/www.sana.sy\/tr\/wp-content\/uploads\/2018\/04\/DSC_4695-300x194.jpg\" alt=\"\" width=\"300\" height=\"194\" srcset=\"https:\/\/archive.sana.sy\/tr\/wp-content\/uploads\/2018\/04\/DSC_4695-300x194.jpg 300w, https:\/\/archive.sana.sy\/tr\/wp-content\/uploads\/2018\/04\/DSC_4695-150x97.jpg 150w, https:\/\/archive.sana.sy\/tr\/wp-content\/uploads\/2018\/04\/DSC_4695-768x496.jpg 768w, https:\/\/archive.sana.sy\/tr\/wp-content\/uploads\/2018\/04\/DSC_4695-1024x661.jpg 1024w, https:\/\/archive.sana.sy\/tr\/wp-content\/uploads\/2018\/04\/DSC_4695.jpg 1200w\" sizes=\"auto, (max-width: 300px) 100vw, 300px\" \/><\/a>SANA muhabirleri \u00fc\u00e7l\u00fc d\u00fc\u015fman sald\u0131r\u0131n\u0131n \u015eam\u2019\u0131n Berze Semtinde Bilimsel Ara\u015ft\u0131rmalar Merkezinin yan\u0131 s\u0131ra Homs k\u0131rsal\u0131nda Suriye ordusunun cephane depolar\u0131n\u0131 hedef ald\u0131\u011f\u0131n\u0131 aktard\u0131. Muhabirler hava savunma g\u00fc\u00e7lerimizin d\u00fc\u015fman sald\u0131r\u0131ya ba\u015far\u0131yla kar\u015f\u0131 koyarak f\u00fczelerin b\u00fcy\u00fck \u00e7o\u011funlu\u011funu imha etmeyi ba\u015fard\u0131klar\u0131na dikkat \u00e7ekti.<\/p>\n<p>Berze\u2019de Bilimsel Ara\u015ft\u0131rmalar Merkezini hedef alan sald\u0131r\u0131da \u00f6\u011fretim b\u00f6l\u00fcm\u00fc ve laboratuarlardan ibaret bir binan\u0131n yerle bir oldu\u011funu belirten muhabirler; burada sadece maddi hasar meydana geldi\u011fini s\u00f6yledi.<\/p>\n<p><a href=\"https:\/\/www.sana.sy\/tr\/wp-content\/uploads\/2018\/04\/DSC_4699.jpg\"><img loading=\"lazy\" decoding=\"async\" class=\"alignright wp-image-145650 size-medium\" src=\"https:\/\/www.sana.sy\/tr\/wp-content\/uploads\/2018\/04\/DSC_4699-300x186.jpg\" alt=\"\" width=\"300\" height=\"186\" srcset=\"https:\/\/archive.sana.sy\/tr\/wp-content\/uploads\/2018\/04\/DSC_4699-300x186.jpg 300w, https:\/\/archive.sana.sy\/tr\/wp-content\/uploads\/2018\/04\/DSC_4699-150x93.jpg 150w, https:\/\/archive.sana.sy\/tr\/wp-content\/uploads\/2018\/04\/DSC_4699-768x476.jpg 768w, https:\/\/archive.sana.sy\/tr\/wp-content\/uploads\/2018\/04\/DSC_4699-1024x634.jpg 1024w, https:\/\/archive.sana.sy\/tr\/wp-content\/uploads\/2018\/04\/DSC_4699.jpg 1200w\" sizes=\"auto, (max-width: 300px) 100vw, 300px\" \/><\/a>Muhabirler Homs k\u0131rsal\u0131nda ise d\u00fc\u015fman f\u00fczelerin hedeften sapt\u0131r\u0131ld\u0131\u011f\u0131n\u0131 aktar\u0131rken, d\u00fc\u015fman f\u00fczelerin \u015farapnel par\u00e7alar\u0131 sonucunda 3 vatanda\u015f\u0131n hafif yaraland\u0131\u011f\u0131n\u0131 s\u00f6zlerine ekledi.<\/p>\n<p>ABD ba\u015fkan\u0131 Suriye&#8217;ye kar\u015f\u0131 sald\u0131r\u0131n\u0131n ba\u015flad\u0131\u011f\u0131n\u0131 ilan ederken, Fransa ba\u015fkan\u0131 ve \u0130ngiltere ba\u015fbakan\u0131 ise \u00fclkelerinin bu sald\u0131r\u0131ya kat\u0131ld\u0131klar\u0131n\u0131 ilan etti.<\/p>\n<p>G\u00fcn\u00fcn ilerleyen saatlerinde ise ABD savunma Bakan\u0131 James Mattis sald\u0131r\u0131n\u0131n yakla\u015f\u0131k 70 dakika s\u00fcrmesi ard\u0131ndan ABD, Fransa ve \u0130ngiltere\u2019nin Suriye&#8217;ye sald\u0131r\u0131lar\u0131n\u0131n sona erdi\u011fini ilan etti. Mattis mevcut s\u00fcre\u00e7 i\u00e7inde Suriye&#8217;ye daha fazla sald\u0131r\u0131da bulunma ama\u00e7l\u0131 planlar\u0131n bulunmad\u0131\u011f\u0131n\u0131 kaydetti.<\/p>\n<div id='gallery-1' class='gallery galleryid-145647 gallery-columns-3 gallery-size-thumbnail'><figure class='gallery-item'>\n\t\t\t<div class='gallery-icon landscape'>\n\t\t\t\t<a href='https:\/\/archive.sana.sy\/tr\/wp-content\/uploads\/2018\/04\/DSC_4677.jpg'><img loading=\"lazy\" decoding=\"async\" width=\"150\" height=\"100\" src=\"https:\/\/archive.sana.sy\/tr\/wp-content\/uploads\/2018\/04\/DSC_4677-150x100.jpg\" class=\"attachment-thumbnail size-thumbnail\" alt=\"\" srcset=\"https:\/\/archive.sana.sy\/tr\/wp-content\/uploads\/2018\/04\/DSC_4677-150x100.jpg 150w, https:\/\/archive.sana.sy\/tr\/wp-content\/uploads\/2018\/04\/DSC_4677-300x200.jpg 300w, https:\/\/archive.sana.sy\/tr\/wp-content\/uploads\/2018\/04\/DSC_4677-768x511.jpg 768w, https:\/\/archive.sana.sy\/tr\/wp-content\/uploads\/2018\/04\/DSC_4677-1024x681.jpg 1024w, https:\/\/archive.sana.sy\/tr\/wp-content\/uploads\/2018\/04\/DSC_4677-310x205.jpg 310w, https:\/\/archive.sana.sy\/tr\/wp-content\/uploads\/2018\/04\/DSC_4677.jpg 1200w\" sizes=\"auto, (max-width: 150px) 100vw, 150px\" \/><\/a>\n\t\t\t<\/div><\/figure><figure class='gallery-item'>\n\t\t\t<div class='gallery-icon landscape'>\n\t\t\t\t<a href='https:\/\/archive.sana.sy\/tr\/wp-content\/uploads\/2018\/04\/DSC_4682.jpg'><img loading=\"lazy\" decoding=\"async\" width=\"150\" height=\"100\" src=\"https:\/\/archive.sana.sy\/tr\/wp-content\/uploads\/2018\/04\/DSC_4682-150x100.jpg\" class=\"attachment-thumbnail size-thumbnail\" alt=\"\" srcset=\"https:\/\/archive.sana.sy\/tr\/wp-content\/uploads\/2018\/04\/DSC_4682-150x100.jpg 150w, https:\/\/archive.sana.sy\/tr\/wp-content\/uploads\/2018\/04\/DSC_4682-300x200.jpg 300w, https:\/\/archive.sana.sy\/tr\/wp-content\/uploads\/2018\/04\/DSC_4682-768x511.jpg 768w, https:\/\/archive.sana.sy\/tr\/wp-content\/uploads\/2018\/04\/DSC_4682-1024x681.jpg 1024w, https:\/\/archive.sana.sy\/tr\/wp-content\/uploads\/2018\/04\/DSC_4682-310x205.jpg 310w, https:\/\/archive.sana.sy\/tr\/wp-content\/uploads\/2018\/04\/DSC_4682.jpg 1200w\" sizes=\"auto, (max-width: 150px) 100vw, 150px\" \/><\/a>\n\t\t\t<\/div><\/figure><figure class='gallery-item'>\n\t\t\t<div class='gallery-icon landscape'>\n\t\t\t\t<a href='https:\/\/archive.sana.sy\/tr\/wp-content\/uploads\/2018\/04\/DSC_6518.jpg'><img loading=\"lazy\" decoding=\"async\" width=\"150\" height=\"95\" src=\"https:\/\/archive.sana.sy\/tr\/wp-content\/uploads\/2018\/04\/DSC_6518-150x95.jpg\" class=\"attachment-thumbnail size-thumbnail\" alt=\"\" srcset=\"https:\/\/archive.sana.sy\/tr\/wp-content\/uploads\/2018\/04\/DSC_6518-150x95.jpg 150w, https:\/\/archive.sana.sy\/tr\/wp-content\/uploads\/2018\/04\/DSC_6518-300x190.jpg 300w, https:\/\/archive.sana.sy\/tr\/wp-content\/uploads\/2018\/04\/DSC_6518-768x485.jpg 768w, https:\/\/archive.sana.sy\/tr\/wp-content\/uploads\/2018\/04\/DSC_6518-1024x647.jpg 1024w, https:\/\/archive.sana.sy\/tr\/wp-content\/uploads\/2018\/04\/DSC_6518.jpg 1200w\" sizes=\"auto, (max-width: 150px) 100vw, 150px\" \/><\/a>\n\t\t\t<\/div><\/figure><figure class='gallery-item'>\n\t\t\t<div class='gallery-icon landscape'>\n\t\t\t\t<a href='https:\/\/archive.sana.sy\/tr\/wp-content\/uploads\/2018\/04\/DSC_6731.jpg'><img loading=\"lazy\" decoding=\"async\" width=\"150\" height=\"96\" src=\"https:\/\/archive.sana.sy\/tr\/wp-content\/uploads\/2018\/04\/DSC_6731-150x96.jpg\" class=\"attachment-thumbnail size-thumbnail\" alt=\"\" srcset=\"https:\/\/archive.sana.sy\/tr\/wp-content\/uploads\/2018\/04\/DSC_6731-150x96.jpg 150w, https:\/\/archive.sana.sy\/tr\/wp-content\/uploads\/2018\/04\/DSC_6731-300x192.jpg 300w, https:\/\/archive.sana.sy\/tr\/wp-content\/uploads\/2018\/04\/DSC_6731-768x492.jpg 768w, https:\/\/archive.sana.sy\/tr\/wp-content\/uploads\/2018\/04\/DSC_6731-1024x656.jpg 1024w, https:\/\/archive.sana.sy\/tr\/wp-content\/uploads\/2018\/04\/DSC_6731.jpg 1200w\" sizes=\"auto, (max-width: 150px) 100vw, 150px\" \/><\/a>\n\t\t\t<\/div><\/figure><figure class='gallery-item'>\n\t\t\t<div class='gallery-icon landscape'>\n\t\t\t\t<a href='https:\/\/archive.sana.sy\/tr\/wp-content\/uploads\/2018\/04\/DSC_4699.jpg'><img loading=\"lazy\" decoding=\"async\" width=\"150\" height=\"93\" src=\"https:\/\/archive.sana.sy\/tr\/wp-content\/uploads\/2018\/04\/DSC_4699-150x93.jpg\" class=\"attachment-thumbnail size-thumbnail\" alt=\"\" srcset=\"https:\/\/archive.sana.sy\/tr\/wp-content\/uploads\/2018\/04\/DSC_4699-150x93.jpg 150w, https:\/\/archive.sana.sy\/tr\/wp-content\/uploads\/2018\/04\/DSC_4699-300x186.jpg 300w, https:\/\/archive.sana.sy\/tr\/wp-content\/uploads\/2018\/04\/DSC_4699-768x476.jpg 768w, https:\/\/archive.sana.sy\/tr\/wp-content\/uploads\/2018\/04\/DSC_4699-1024x634.jpg 1024w, https:\/\/archive.sana.sy\/tr\/wp-content\/uploads\/2018\/04\/DSC_4699.jpg 1200w\" sizes=\"auto, (max-width: 150px) 100vw, 150px\" \/><\/a>\n\t\t\t<\/div><\/figure><figure class='gallery-item'>\n\t\t\t<div class='gallery-icon landscape'>\n\t\t\t\t<a href='https:\/\/archive.sana.sy\/tr\/wp-content\/uploads\/2018\/04\/DSC_4695.jpg'><img loading=\"lazy\" decoding=\"async\" width=\"150\" height=\"97\" src=\"https:\/\/archive.sana.sy\/tr\/wp-content\/uploads\/2018\/04\/DSC_4695-150x97.jpg\" class=\"attachment-thumbnail size-thumbnail\" alt=\"\" srcset=\"https:\/\/archive.sana.sy\/tr\/wp-content\/uploads\/2018\/04\/DSC_4695-150x97.jpg 150w, https:\/\/archive.sana.sy\/tr\/wp-content\/uploads\/2018\/04\/DSC_4695-300x194.jpg 300w, https:\/\/archive.sana.sy\/tr\/wp-content\/uploads\/2018\/04\/DSC_4695-768x496.jpg 768w, https:\/\/archive.sana.sy\/tr\/wp-content\/uploads\/2018\/04\/DSC_4695-1024x661.jpg 1024w, https:\/\/archive.sana.sy\/tr\/wp-content\/uploads\/2018\/04\/DSC_4695.jpg 1200w\" sizes=\"auto, (max-width: 150px) 100vw, 150px\" \/><\/a>\n\t\t\t<\/div><\/figure>\n\t\t<\/div>\n\n<p>https:\/\/www.youtube.com\/watch?v=6CKHrX1dqIo<\/p>\n<p>https:\/\/www.youtube.com\/watch?v=H08yU8FcJsg<\/p>\n","protected":false},"excerpt":{"rendered":"<p>\u015eAM \u2013 Hava savunma g\u00fc\u00e7lerimiz bug\u00fcn erken saatlerde ABD, \u0130ngiltere ve Fransa\u2019n\u0131n \u015eam yak\u0131nlar\u0131 ve Homs k\u0131rsal\u0131n\u0131n farkl\u0131 b\u00f6lgelerine bulunduklar\u0131 d\u00fc\u015fmanc\u0131 sald\u0131r\u0131ya ba\u015far\u0131 koydu. SANA muhabirleri \u00fc\u00e7l\u00fc d\u00fc\u015fman sald\u0131r\u0131n\u0131n \u015eam\u2019\u0131n Berze Semtinde Bilimsel Ara\u015ft\u0131rmalar Merkezinin yan\u0131 s\u0131ra Homs k\u0131rsal\u0131nda Suriye ordusunun cephane depolar\u0131n\u0131 hedef ald\u0131\u011f\u0131n\u0131 aktard\u0131. Muhabirler hava savunma g\u00fc\u00e7lerimizin d\u00fc\u015fman sald\u0131r\u0131ya ba\u015far\u0131yla kar\u015f\u0131 koyarak &hellip;<\/p>\n","protected":false},"author":1,"featured_media":145648,"comment_status":"closed","ping_status":"closed","sticky":false,"template":"","format":"standard","meta":{"footnotes":""},"categories":[596,479,575,17988,478],"tags":[24099,20113,2755,16591,11549,19314],"class_list":["post-145647","post","type-post","status-publish","format-standard","has-post-thumbnail","","category-fotografli-raporlar","category-haberler-yerel","category-olaylar-ve-gercekler","category-son-haberler","category-yerel","tag-abd-saldirisi","tag-esad","tag-sam","tag-suriye","tag-suriye-ordusu","tag-suriyeye-saldiri"],"_links":{"self":[{"href":"https:\/\/archive.sana.sy\/tr\/index.php?rest_route=\/wp\/v2\/posts\/145647","targetHints":{"allow":["GET"]}}],"collection":[{"href":"https:\/\/archive.sana.sy\/tr\/index.php?rest_route=\/wp\/v2\/posts"}],"about":[{"href":"https:\/\/archive.sana.sy\/tr\/index.php?rest_route=\/wp\/v2\/types\/post"}],"author":[{"embeddable":true,"href":"https:\/\/archive.sana.sy\/tr\/index.php?rest_route=\/wp\/v2\/users\/1"}],"replies":[{"embeddable":true,"href":"https:\/\/archive.sana.sy\/tr\/index.php?rest_route=%2Fwp%2Fv2%2Fcomments&post=145647"}],"version-history":[{"count":0,"href":"https:\/\/archive.sana.sy\/tr\/index.php?rest_route=\/wp\/v2\/posts\/145647\/revisions"}],"wp:featuredmedia":[{"embeddable":true,"href":"https:\/\/archive.sana.sy\/tr\/index.php?rest_route=\/wp\/v2\/media\/145648"}],"wp:attachment":[{"href":"https:\/\/archive.sana.sy\/tr\/index.php?rest_route=%2Fwp%2Fv2%2Fmedia&parent=145647"}],"wp:term":[{"taxonomy":"category","embeddable":true,"href":"https:\/\/archive.sana.sy\/tr\/index.php?rest_route=%2Fwp%2Fv2%2Fcategories&post=145647"},{"taxonomy":"post_tag","embeddable":true,"href":"https:\/\/archive.sana.sy\/tr\/index.php?rest_route=%2Fwp%2Fv2%2Ftags&post=145647"}],"curies":[{"name":"wp","href":"https:\/\/api.w.org\/{rel}","templated":true}]}}