{"id":145660,"date":"2018-04-14T12:53:47","date_gmt":"2018-04-14T09:53:47","guid":{"rendered":"https:\/\/www.sana.sy\/tr\/?p=145660"},"modified":"2018-04-15T14:56:30","modified_gmt":"2018-04-15T11:56:30","slug":"suriyedeki-hedeflerinde-basarili-olamayacaklar","status":"publish","type":"post","link":"https:\/\/archive.sana.sy\/tr\/?p=145660","title":{"rendered":"Suriye&#8217;deki Hedeflerinde Ba\u015far\u0131l\u0131 Olamayacaklar"},"content":{"rendered":"<p>TAHRAN \u2013 \u0130ran \u0130slami Devrim Lideri \u0130mam Seyit Ali Haminei ABD, \u0130ngiltere ve Fransa\u2019n\u0131n Suriye&#8217;ye bulunduklar\u0131 askeri sald\u0131r\u0131y\u0131 k\u0131narken, s\u00f6z konusu \u00fclkelerin Suriye&#8217;de hedeflerinde ba\u015far\u0131l\u0131 olamayacaklar\u0131n\u0131n alt\u0131n\u0131 \u00e7izdi.<\/p>\n<p>Aralar\u0131nda Suriye b\u00fcy\u00fckel\u00e7isinin de bulundu\u011fu Tahran\u2019da g\u00f6rev yapan yabanc\u0131 b\u00fcy\u00fckel\u00e7ilerle bulu\u015fmas\u0131nda Haminei bug\u00fcn; s\u00f6z konusu sald\u0131r\u0131n\u0131n uluslar aras\u0131 bir su\u00e7 oldu\u011funu belirtti.<\/p>\n<p>\u0130ran D\u0131\u015fi\u015fleri Bakanl\u0131\u011f\u0131 ise yay\u0131nlad\u0131\u011f\u0131 k\u0131nama bildirisinde ABD, \u0130ngiltere ve Fransa\u2019n\u0131n Suriye&#8217;ye sald\u0131r\u0131lar\u0131n\u0131n BM misak\u0131 ve uluslar aras\u0131 kanunlara kar\u015f\u0131 tehlikeli bir ihlal te\u015fkil etti\u011fini belirtti.<\/p>\n<p>\u0130ran D\u0131\u015fi\u015fleri Bakanl\u0131\u011f\u0131 sald\u0131r\u0131n\u0131n b\u00f6lge ve t\u00fcm uluslar aras\u0131 g\u00fcvenlik ve istikrar\u0131 sabote edece\u011fini ifade ederken, sald\u0131r\u0131n\u0131n s\u00f6z konusu devletlerin Suriye&#8217;de edat olarak kulland\u0131klar\u0131 ter\u00f6ristlerin a\u011f\u0131r yenilgileri ard\u0131ndan geldi\u011fine dikkat \u00e7ekti.<\/p>\n","protected":false},"excerpt":{"rendered":"<p>TAHRAN \u2013 \u0130ran \u0130slami Devrim Lideri \u0130mam Seyit Ali Haminei ABD, \u0130ngiltere ve Fransa\u2019n\u0131n Suriye&#8217;ye bulunduklar\u0131 askeri sald\u0131r\u0131y\u0131 k\u0131narken, s\u00f6z konusu \u00fclkelerin Suriye&#8217;de hedeflerinde ba\u015far\u0131l\u0131 olamayacaklar\u0131n\u0131n alt\u0131n\u0131 \u00e7izdi. Aralar\u0131nda Suriye b\u00fcy\u00fckel\u00e7isinin de bulundu\u011fu Tahran\u2019da g\u00f6rev yapan yabanc\u0131 b\u00fcy\u00fckel\u00e7ilerle bulu\u015fmas\u0131nda Haminei bug\u00fcn; s\u00f6z konusu sald\u0131r\u0131n\u0131n uluslar aras\u0131 bir su\u00e7 oldu\u011funu belirtti. \u0130ran D\u0131\u015fi\u015fleri Bakanl\u0131\u011f\u0131 ise yay\u0131nlad\u0131\u011f\u0131 &hellip;<\/p>\n","protected":false},"author":1,"featured_media":145720,"comment_status":"closed","ping_status":"closed","sticky":false,"template":"","format":"standard","meta":{"footnotes":""},"categories":[458,459,17988],"tags":[20870,35835,34695,16591,19314],"class_list":["post-145660","post","type-post","status-publish","format-standard","has-post-thumbnail","","category-dunya1","category-haberler-arap-uluslararasi-politika","category-son-haberler","tag-ali-haminei","tag-disisleri-kinadi","tag-islam-devrimi-lideri","tag-suriye","tag-suriyeye-saldiri"],"_links":{"self":[{"href":"https:\/\/archive.sana.sy\/tr\/index.php?rest_route=\/wp\/v2\/posts\/145660","targetHints":{"allow":["GET"]}}],"collection":[{"href":"https:\/\/archive.sana.sy\/tr\/index.php?rest_route=\/wp\/v2\/posts"}],"about":[{"href":"https:\/\/archive.sana.sy\/tr\/index.php?rest_route=\/wp\/v2\/types\/post"}],"author":[{"embeddable":true,"href":"https:\/\/archive.sana.sy\/tr\/index.php?rest_route=\/wp\/v2\/users\/1"}],"replies":[{"embeddable":true,"href":"https:\/\/archive.sana.sy\/tr\/index.php?rest_route=%2Fwp%2Fv2%2Fcomments&post=145660"}],"version-history":[{"count":0,"href":"https:\/\/archive.sana.sy\/tr\/index.php?rest_route=\/wp\/v2\/posts\/145660\/revisions"}],"wp:featuredmedia":[{"embeddable":true,"href":"https:\/\/archive.sana.sy\/tr\/index.php?rest_route=\/wp\/v2\/media\/145720"}],"wp:attachment":[{"href":"https:\/\/archive.sana.sy\/tr\/index.php?rest_route=%2Fwp%2Fv2%2Fmedia&parent=145660"}],"wp:term":[{"taxonomy":"category","embeddable":true,"href":"https:\/\/archive.sana.sy\/tr\/index.php?rest_route=%2Fwp%2Fv2%2Fcategories&post=145660"},{"taxonomy":"post_tag","embeddable":true,"href":"https:\/\/archive.sana.sy\/tr\/index.php?rest_route=%2Fwp%2Fv2%2Ftags&post=145660"}],"curies":[{"name":"wp","href":"https:\/\/api.w.org\/{rel}","templated":true}]}}