{"id":145772,"date":"2018-04-14T13:00:40","date_gmt":"2018-04-14T10:00:40","guid":{"rendered":"https:\/\/www.sana.sy\/tr\/?p=145772"},"modified":"2018-04-15T14:56:27","modified_gmt":"2018-04-15T11:56:27","slug":"bmgk-suriyeye-saldiriyi-tartisacak","status":"publish","type":"post","link":"https:\/\/archive.sana.sy\/tr\/?p=145772","title":{"rendered":"BMGK Suriye&#8217;ye Sald\u0131r\u0131y\u0131 Tart\u0131\u015facak"},"content":{"rendered":"<p>NEW YORK \u2013 Birle\u015fmi\u015f Milletler G\u00fcvenlik Konseyi ABD, \u0130ngiltere ve Fransa\u2019n\u0131n uluslar aras\u0131 kanun ve kararlara ayk\u0131r\u0131 bir \u015fekilde Suriye&#8217;ye bulundu\u011fu sald\u0131r\u0131y\u0131 tart\u0131\u015fmak \u00fczere bug\u00fcn Rusya&#8217;n\u0131n talebi \u00fczerine bir toplant\u0131 d\u00fczenliyor.<\/p>\n<p>Diplomatik kaynaklar Reuters\u2019in aktard\u0131\u011f\u0131 a\u00e7\u0131klamalar\u0131nda; BMGK\u2019nin bug\u00fcn Rusya&#8217;n\u0131n talebi \u00fczerinde GMT saatiyle saat 3\u2019te bir toplant\u0131 d\u00fczenleyece\u011fini aktard\u0131. Kaynaklar toplant\u0131da ABD, \u0130ngiltere ve Fransa\u2019n\u0131n Suriye&#8217;ye bulunduklar\u0131 sald\u0131r\u0131n\u0131n tart\u0131\u015f\u0131laca\u011f\u0131n\u0131 ifade etti.<\/p>\n","protected":false},"excerpt":{"rendered":"<p>NEW YORK \u2013 Birle\u015fmi\u015f Milletler G\u00fcvenlik Konseyi ABD, \u0130ngiltere ve Fransa\u2019n\u0131n uluslar aras\u0131 kanun ve kararlara ayk\u0131r\u0131 bir \u015fekilde Suriye&#8217;ye bulundu\u011fu sald\u0131r\u0131y\u0131 tart\u0131\u015fmak \u00fczere bug\u00fcn Rusya&#8217;n\u0131n talebi \u00fczerine bir toplant\u0131 d\u00fczenliyor. Diplomatik kaynaklar Reuters\u2019in aktard\u0131\u011f\u0131 a\u00e7\u0131klamalar\u0131nda; BMGK\u2019nin bug\u00fcn Rusya&#8217;n\u0131n talebi \u00fczerinde GMT saatiyle saat 3\u2019te bir toplant\u0131 d\u00fczenleyece\u011fini aktard\u0131. Kaynaklar toplant\u0131da ABD, \u0130ngiltere ve Fransa\u2019n\u0131n &hellip;<\/p>\n","protected":false},"author":1,"featured_media":145773,"comment_status":"closed","ping_status":"closed","sticky":false,"template":"","format":"standard","meta":{"footnotes":""},"categories":[458,459,17988],"tags":[1381,25752,20897,1411,25610,16591],"class_list":["post-145772","post","type-post","status-publish","format-standard","has-post-thumbnail","","category-dunya1","category-haberler-arap-uluslararasi-politika","category-son-haberler","tag-abd","tag-birlesmis-milletler-guvenlik-konseyi","tag-bmgk","tag-fransa","tag-ingiltere","tag-suriye"],"_links":{"self":[{"href":"https:\/\/archive.sana.sy\/tr\/index.php?rest_route=\/wp\/v2\/posts\/145772","targetHints":{"allow":["GET"]}}],"collection":[{"href":"https:\/\/archive.sana.sy\/tr\/index.php?rest_route=\/wp\/v2\/posts"}],"about":[{"href":"https:\/\/archive.sana.sy\/tr\/index.php?rest_route=\/wp\/v2\/types\/post"}],"author":[{"embeddable":true,"href":"https:\/\/archive.sana.sy\/tr\/index.php?rest_route=\/wp\/v2\/users\/1"}],"replies":[{"embeddable":true,"href":"https:\/\/archive.sana.sy\/tr\/index.php?rest_route=%2Fwp%2Fv2%2Fcomments&post=145772"}],"version-history":[{"count":0,"href":"https:\/\/archive.sana.sy\/tr\/index.php?rest_route=\/wp\/v2\/posts\/145772\/revisions"}],"wp:featuredmedia":[{"embeddable":true,"href":"https:\/\/archive.sana.sy\/tr\/index.php?rest_route=\/wp\/v2\/media\/145773"}],"wp:attachment":[{"href":"https:\/\/archive.sana.sy\/tr\/index.php?rest_route=%2Fwp%2Fv2%2Fmedia&parent=145772"}],"wp:term":[{"taxonomy":"category","embeddable":true,"href":"https:\/\/archive.sana.sy\/tr\/index.php?rest_route=%2Fwp%2Fv2%2Fcategories&post=145772"},{"taxonomy":"post_tag","embeddable":true,"href":"https:\/\/archive.sana.sy\/tr\/index.php?rest_route=%2Fwp%2Fv2%2Ftags&post=145772"}],"curies":[{"name":"wp","href":"https:\/\/api.w.org\/{rel}","templated":true}]}}