{"id":145841,"date":"2018-04-14T17:25:05","date_gmt":"2018-04-14T14:25:05","guid":{"rendered":"https:\/\/www.sana.sy\/tr\/?p=145841"},"modified":"2018-04-15T14:54:39","modified_gmt":"2018-04-15T11:54:39","slug":"saldiridan-amac-teroristlere-yeniden-guclenmeleri-icin-firsat-vermektir","status":"publish","type":"post","link":"https:\/\/archive.sana.sy\/tr\/?p=145841","title":{"rendered":"Sald\u0131r\u0131dan Ama\u00e7 Ter\u00f6ristlere Yeniden G\u00fc\u00e7lenmeleri \u0130\u00e7in F\u0131rsat Vermektir"},"content":{"rendered":"<p>MOSKOVA \u2013 Rusya D\u0131\u015fi\u015fleri Bakanl\u0131\u011f\u0131 ABD, Fransa ve \u0130ngiltere\u2019nin Suriye&#8217;ye bulunduklar\u0131 \u00fc\u00e7l\u00fc sald\u0131r\u0131n\u0131n temel ama\u00e7lar\u0131ndan birinin Suriye&#8217;de yok edilme e\u015fi\u011fine gelen radikal ter\u00f6r\u00fcn yeniden g\u00fc\u00e7lenmesi i\u00e7in ter\u00f6ristlere yeni bir f\u0131rsat sa\u011flamak oldu\u011funu belirtti.<\/p>\n<p>Rus bakanl\u0131k bug\u00fcn yay\u0131nlad\u0131\u011f\u0131 b\u00fcltende \u00fc\u00e7l\u00fc sald\u0131r\u0131n\u0131n, Suriye ordusunun I\u015e\u0130D, Nusra Cephesi ve m\u00fcttefikleri daha ba\u015fka radikal ter\u00f6r \u00f6rg\u00fctlere kar\u015f\u0131 en etkin sava\u015f\u0131 s\u00fcrd\u00fcrd\u00fc\u011f\u00fc bir zamana denk geldi\u011fine dikkat \u00e7ekti.<\/p>\n<p>Bakanl\u0131k b\u00fclteninde sald\u0131r\u0131da bulunan devletlerin Suriye&#8217;de radikal ter\u00f6r\u00fcn yeniden saflar\u0131n\u0131 birle\u015ftirip kendini g\u00fc\u00e7lendirmeye f\u0131rsat vermekle birlikte Suriye&#8217;de \u00e7\u00f6z\u00fcm ve ter\u00f6rle m\u00fccadele \u00e7abalar\u0131n\u0131 baltalamay\u0131 ama\u00e7lad\u0131klar\u0131n\u0131, daha fazla kanlar\u0131n ak\u0131t\u0131lmas\u0131 ve Suriye halk\u0131n\u0131n ac\u0131lar\u0131n\u0131n devam etmesini hedeflediklerinin tespit edildi\u011fini kaydetti.<\/p>\n<p>S\u00f6z konusu \u00fc\u00e7 devletin ter\u00f6r \u00f6rg\u00fctlerle i\u015fbirli\u011fi i\u00e7inde Suriye&#8217;yi par\u00e7alamaya \u00e7al\u0131\u015ft\u0131klar\u0131na vurgu yapan Rusya D\u0131\u015fi\u015fleri Bakanl\u0131\u011f\u0131; bu devletlerin farkl\u0131 b\u00f6lgelerde ve farkl\u0131 zamanlarda I\u015e\u0130D dahil radikal ter\u00f6r \u00f6rg\u00fctlere destek ve \u00f6rt\u00fclerinin g\u00f6r\u00fcnt\u00fclerle kan\u0131tlanm\u0131\u015f oldu\u011funa dikkat \u00e7ekti.<\/p>\n<p>Rus bakanl\u0131k sald\u0131r\u0131n\u0131n Duma\u2019da OPCW\u2019ye tabi uluslar aras\u0131 uzman ekibin kimyasal silah sald\u0131r\u0131s\u0131 iddialar\u0131n\u0131 ara\u015ft\u0131rmaya ba\u015flad\u0131\u011f\u0131 bir zamana denk geldi\u011fini belirtirken, bunun da s\u00f6z konusu sald\u0131r\u0131da \u00f6ne s\u00fcr\u00fclen iddialar\u0131n bir kez daha asl\u0131 ger\u00e7e\u011fi olmad\u0131\u011f\u0131n\u0131 net bir \u015fekilde kan\u0131tlad\u0131\u011f\u0131n\u0131 ifade etti.<\/p>\n<p>Rus bakanl\u0131k as\u0131ls\u0131z bahaneler alt\u0131nda Suriye&#8217;de \u00e7\u00f6z\u00fcm ve ter\u00f6rle m\u00fccadele \u00e7abalar\u0131n\u0131 baltalamaya \u00e7al\u0131\u015fan bu devletlerin sorumsuz ve duyars\u0131z davran\u0131\u015flar\u0131na son verme \u00e7a\u011fr\u0131s\u0131nda bulundu.<\/p>\n","protected":false},"excerpt":{"rendered":"<p>MOSKOVA \u2013 Rusya D\u0131\u015fi\u015fleri Bakanl\u0131\u011f\u0131 ABD, Fransa ve \u0130ngiltere\u2019nin Suriye&#8217;ye bulunduklar\u0131 \u00fc\u00e7l\u00fc sald\u0131r\u0131n\u0131n temel ama\u00e7lar\u0131ndan birinin Suriye&#8217;de yok edilme e\u015fi\u011fine gelen radikal ter\u00f6r\u00fcn yeniden g\u00fc\u00e7lenmesi i\u00e7in ter\u00f6ristlere yeni bir f\u0131rsat sa\u011flamak oldu\u011funu belirtti. Rus bakanl\u0131k bug\u00fcn yay\u0131nlad\u0131\u011f\u0131 b\u00fcltende \u00fc\u00e7l\u00fc sald\u0131r\u0131n\u0131n, Suriye ordusunun I\u015e\u0130D, Nusra Cephesi ve m\u00fcttefikleri daha ba\u015fka radikal ter\u00f6r \u00f6rg\u00fctlere kar\u015f\u0131 en etkin &hellip;<\/p>\n","protected":false},"author":1,"featured_media":145842,"comment_status":"closed","ping_status":"closed","sticky":false,"template":"","format":"standard","meta":{"footnotes":""},"categories":[458,459,17988],"tags":[3464,1381,1411,25610,17146,16591,11549],"class_list":["post-145841","post","type-post","status-publish","format-standard","has-post-thumbnail","","category-dunya1","category-haberler-arap-uluslararasi-politika","category-son-haberler","tag-nusra-cephesi","tag-abd","tag-fransa","tag-ingiltere","tag-rusya-disisleri-bakanligi","tag-suriye","tag-suriye-ordusu"],"_links":{"self":[{"href":"https:\/\/archive.sana.sy\/tr\/index.php?rest_route=\/wp\/v2\/posts\/145841","targetHints":{"allow":["GET"]}}],"collection":[{"href":"https:\/\/archive.sana.sy\/tr\/index.php?rest_route=\/wp\/v2\/posts"}],"about":[{"href":"https:\/\/archive.sana.sy\/tr\/index.php?rest_route=\/wp\/v2\/types\/post"}],"author":[{"embeddable":true,"href":"https:\/\/archive.sana.sy\/tr\/index.php?rest_route=\/wp\/v2\/users\/1"}],"replies":[{"embeddable":true,"href":"https:\/\/archive.sana.sy\/tr\/index.php?rest_route=%2Fwp%2Fv2%2Fcomments&post=145841"}],"version-history":[{"count":0,"href":"https:\/\/archive.sana.sy\/tr\/index.php?rest_route=\/wp\/v2\/posts\/145841\/revisions"}],"wp:featuredmedia":[{"embeddable":true,"href":"https:\/\/archive.sana.sy\/tr\/index.php?rest_route=\/wp\/v2\/media\/145842"}],"wp:attachment":[{"href":"https:\/\/archive.sana.sy\/tr\/index.php?rest_route=%2Fwp%2Fv2%2Fmedia&parent=145841"}],"wp:term":[{"taxonomy":"category","embeddable":true,"href":"https:\/\/archive.sana.sy\/tr\/index.php?rest_route=%2Fwp%2Fv2%2Fcategories&post=145841"},{"taxonomy":"post_tag","embeddable":true,"href":"https:\/\/archive.sana.sy\/tr\/index.php?rest_route=%2Fwp%2Fv2%2Ftags&post=145841"}],"curies":[{"name":"wp","href":"https:\/\/api.w.org\/{rel}","templated":true}]}}