{"id":145848,"date":"2018-04-14T19:08:16","date_gmt":"2018-04-14T16:08:16","guid":{"rendered":"https:\/\/www.sana.sy\/tr\/?p=145848"},"modified":"2018-04-14T19:08:16","modified_gmt":"2018-04-14T16:08:16","slug":"disisleri-ve-gurbetciler-bakanliginda-yetkili-bir-kaynak-yedi-yildir-suriye-ve-halkina-karsi-radikal-teroru-destekleyen-ve-bolgenin-tum-halklarini-hedef-alan-batili-planlarin-bir-parcasi-olan-vahhabi","status":"publish","type":"post","link":"https:\/\/archive.sana.sy\/tr\/?p=145848","title":{"rendered":"D\u0131\u015fi\u015fleri ve Gurbet\u00e7iler Bakanl\u0131\u011f\u0131nda yetkili bir kaynak; yedi y\u0131ld\u0131r Suriye ve halk\u0131na kar\u015f\u0131 radikal ter\u00f6r\u00fc destekleyen ve b\u00f6lgenin t\u00fcm halklar\u0131n\u0131 hedef alan Bat\u0131l\u0131 planlar\u0131n bir par\u00e7as\u0131 olan Vahhabi Suudi Arabistan\u2019\u0131n ABD, \u0130ngiltere ve Fransa\u2019n\u0131n Suriye&#8217;ye bulunduklar\u0131 gaddar sald\u0131r\u0131y\u0131 desteklemesinin Suriye ve halk\u0131 a\u00e7\u0131s\u0131ndan s\u00fcrpriz olmad\u0131\u011f\u0131n\u0131 belirtti"},"content":{"rendered":"<p>D\u0131\u015fi\u015fleri ve Gurbet\u00e7iler Bakanl\u0131\u011f\u0131nda yetkili bir kaynak; yedi y\u0131ld\u0131r Suriye ve halk\u0131na kar\u015f\u0131 radikal ter\u00f6r\u00fc destekleyen ve b\u00f6lgenin t\u00fcm halklar\u0131n\u0131 hedef alan Bat\u0131l\u0131 planlar\u0131n bir par\u00e7as\u0131 olan Vahhabi Suudi Arabistan\u2019\u0131n ABD, \u0130ngiltere ve Fransa\u2019n\u0131n Suriye&#8217;ye bulunduklar\u0131 gaddar sald\u0131r\u0131y\u0131 desteklemesinin Suriye ve halk\u0131 a\u00e7\u0131s\u0131ndan s\u00fcrpriz olmad\u0131\u011f\u0131n\u0131 belirtti<\/p>\n","protected":false},"excerpt":{"rendered":"<p>D\u0131\u015fi\u015fleri ve Gurbet\u00e7iler Bakanl\u0131\u011f\u0131nda yetkili bir kaynak; yedi y\u0131ld\u0131r Suriye ve halk\u0131na kar\u015f\u0131 radikal ter\u00f6r\u00fc destekleyen ve b\u00f6lgenin t\u00fcm halklar\u0131n\u0131 hedef alan Bat\u0131l\u0131 planlar\u0131n bir par\u00e7as\u0131 olan Vahhabi Suudi Arabistan\u2019\u0131n ABD, \u0130ngiltere ve Fransa\u2019n\u0131n Suriye&#8217;ye bulunduklar\u0131 gaddar sald\u0131r\u0131y\u0131 desteklemesinin Suriye ve halk\u0131 a\u00e7\u0131s\u0131ndan s\u00fcrpriz olmad\u0131\u011f\u0131n\u0131 belirtti<\/p>\n","protected":false},"author":1,"featured_media":0,"comment_status":"closed","ping_status":"closed","sticky":false,"template":"","format":"standard","meta":{"footnotes":""},"categories":[17991],"tags":[],"class_list":["post-145848","post","type-post","status-publish","format-standard","","category-son-dakika"],"_links":{"self":[{"href":"https:\/\/archive.sana.sy\/tr\/index.php?rest_route=\/wp\/v2\/posts\/145848","targetHints":{"allow":["GET"]}}],"collection":[{"href":"https:\/\/archive.sana.sy\/tr\/index.php?rest_route=\/wp\/v2\/posts"}],"about":[{"href":"https:\/\/archive.sana.sy\/tr\/index.php?rest_route=\/wp\/v2\/types\/post"}],"author":[{"embeddable":true,"href":"https:\/\/archive.sana.sy\/tr\/index.php?rest_route=\/wp\/v2\/users\/1"}],"replies":[{"embeddable":true,"href":"https:\/\/archive.sana.sy\/tr\/index.php?rest_route=%2Fwp%2Fv2%2Fcomments&post=145848"}],"version-history":[{"count":0,"href":"https:\/\/archive.sana.sy\/tr\/index.php?rest_route=\/wp\/v2\/posts\/145848\/revisions"}],"wp:attachment":[{"href":"https:\/\/archive.sana.sy\/tr\/index.php?rest_route=%2Fwp%2Fv2%2Fmedia&parent=145848"}],"wp:term":[{"taxonomy":"category","embeddable":true,"href":"https:\/\/archive.sana.sy\/tr\/index.php?rest_route=%2Fwp%2Fv2%2Fcategories&post=145848"},{"taxonomy":"post_tag","embeddable":true,"href":"https:\/\/archive.sana.sy\/tr\/index.php?rest_route=%2Fwp%2Fv2%2Ftags&post=145848"}],"curies":[{"name":"wp","href":"https:\/\/api.w.org\/{rel}","templated":true}]}}