{"id":145856,"date":"2018-04-14T19:23:00","date_gmt":"2018-04-14T16:23:00","guid":{"rendered":"https:\/\/www.sana.sy\/tr\/?p=145856"},"modified":"2018-04-14T19:23:00","modified_gmt":"2018-04-14T16:23:00","slug":"abd-ingiltere-ve-fransanin-suriye-ve-halkina-karsi-uclu-saldirisini-destekleyen-bahreyn-konusunda-ise-yetkili-kaynak-bahreynin-kendi-ic-sorunlarina-dikkat-cekerken-dolayisiyla-bu","status":"publish","type":"post","link":"https:\/\/archive.sana.sy\/tr\/?p=145856","title":{"rendered":"ABD, \u0130ngiltere ve Fransa\u2019n\u0131n Suriye ve halk\u0131na kar\u015f\u0131 \u00fc\u00e7l\u00fc sald\u0131r\u0131s\u0131n\u0131 destekleyen Bahreyn konusunda ise yetkili kaynak; Bahreyn\u2019in kendi i\u00e7 sorunlar\u0131na dikkat \u00e7ekerken, dolay\u0131s\u0131yla bu tutumunun ele\u015ftiriye gerek duymad\u0131\u011f\u0131n\u0131 ifade etti"},"content":{"rendered":"<p>ABD, \u0130ngiltere ve Fransa\u2019n\u0131n Suriye ve halk\u0131na kar\u015f\u0131 \u00fc\u00e7l\u00fc sald\u0131r\u0131s\u0131n\u0131 destekleyen Bahreyn konusunda ise yetkili kaynak; Bahreyn\u2019in kendi i\u00e7 sorunlar\u0131na dikkat \u00e7ekerken, dolay\u0131s\u0131yla bu tutumunun ele\u015ftiriye gerek duymad\u0131\u011f\u0131n\u0131 ifade etti<\/p>\n","protected":false},"excerpt":{"rendered":"<p>ABD, \u0130ngiltere ve Fransa\u2019n\u0131n Suriye ve halk\u0131na kar\u015f\u0131 \u00fc\u00e7l\u00fc sald\u0131r\u0131s\u0131n\u0131 destekleyen Bahreyn konusunda ise yetkili kaynak; Bahreyn\u2019in kendi i\u00e7 sorunlar\u0131na dikkat \u00e7ekerken, dolay\u0131s\u0131yla bu tutumunun ele\u015ftiriye gerek duymad\u0131\u011f\u0131n\u0131 ifade etti<\/p>\n","protected":false},"author":1,"featured_media":0,"comment_status":"closed","ping_status":"closed","sticky":false,"template":"","format":"standard","meta":{"footnotes":""},"categories":[17991],"tags":[],"class_list":["post-145856","post","type-post","status-publish","format-standard","","category-son-dakika"],"_links":{"self":[{"href":"https:\/\/archive.sana.sy\/tr\/index.php?rest_route=\/wp\/v2\/posts\/145856","targetHints":{"allow":["GET"]}}],"collection":[{"href":"https:\/\/archive.sana.sy\/tr\/index.php?rest_route=\/wp\/v2\/posts"}],"about":[{"href":"https:\/\/archive.sana.sy\/tr\/index.php?rest_route=\/wp\/v2\/types\/post"}],"author":[{"embeddable":true,"href":"https:\/\/archive.sana.sy\/tr\/index.php?rest_route=\/wp\/v2\/users\/1"}],"replies":[{"embeddable":true,"href":"https:\/\/archive.sana.sy\/tr\/index.php?rest_route=%2Fwp%2Fv2%2Fcomments&post=145856"}],"version-history":[{"count":0,"href":"https:\/\/archive.sana.sy\/tr\/index.php?rest_route=\/wp\/v2\/posts\/145856\/revisions"}],"wp:attachment":[{"href":"https:\/\/archive.sana.sy\/tr\/index.php?rest_route=%2Fwp%2Fv2%2Fmedia&parent=145856"}],"wp:term":[{"taxonomy":"category","embeddable":true,"href":"https:\/\/archive.sana.sy\/tr\/index.php?rest_route=%2Fwp%2Fv2%2Fcategories&post=145856"},{"taxonomy":"post_tag","embeddable":true,"href":"https:\/\/archive.sana.sy\/tr\/index.php?rest_route=%2Fwp%2Fv2%2Ftags&post=145856"}],"curies":[{"name":"wp","href":"https:\/\/api.w.org\/{rel}","templated":true}]}}