{"id":145994,"date":"2018-04-16T12:53:32","date_gmt":"2018-04-16T09:53:32","guid":{"rendered":"https:\/\/www.sana.sy\/tr\/?p=145994"},"modified":"2018-04-18T16:05:31","modified_gmt":"2018-04-18T13:05:31","slug":"teroristlerin-sivillere-saldirilarinda-sehit-ve-yaralilar-dustu","status":"publish","type":"post","link":"https:\/\/archive.sana.sy\/tr\/?p=145994","title":{"rendered":"Ter\u00f6ristlerin Sivillere Sald\u0131r\u0131lar\u0131nda \u015eehit ve Yaral\u0131lar D\u00fc\u015ft\u00fc"},"content":{"rendered":"<p>HOMS \u2013 Homs k\u0131rsal\u0131n\u0131n kuzeyinde Suriye&#8217;ye d\u00fc\u015fman d\u0131\u015f g\u00fc\u00e7lerin edatlar\u0131 olan ter\u00f6ristler bug\u00fcn E\u015frefiye Beldesine yine f\u00fczelerle sald\u0131rd\u0131.<\/p>\n<p>Homs \u0130l Emniyet M\u00fcd\u00fcrl\u00fc\u011f\u00fcnde bir kaynak Homs k\u0131rsal\u0131n\u0131n kuzeyinde bulunan ter\u00f6ristlerin E\u015frefiye Beldesine f\u00fczelerle sald\u0131rmalar\u0131 sonucunda bir sivil vatanda\u015f\u0131n \u015fehit d\u00fc\u015ft\u00fc\u011f\u00fcn\u00fc, bir kad\u0131n ve k\u00fc\u00e7\u00fck bir k\u0131z \u00e7ocu\u011fun da yaral\u0131 d\u00fc\u015ft\u00fcklerini belirtti.<\/p>\n<p>Kaynak ordu birliklerimizin sald\u0131rganlar\u0131n mevkilerini tespit edip uygun silahlarla f\u00fcze rampalar\u0131yla birlikte imha ettiklerine dikkat \u00e7ekti.<\/p>\n","protected":false},"excerpt":{"rendered":"<p>HOMS \u2013 Homs k\u0131rsal\u0131n\u0131n kuzeyinde Suriye&#8217;ye d\u00fc\u015fman d\u0131\u015f g\u00fc\u00e7lerin edatlar\u0131 olan ter\u00f6ristler bug\u00fcn E\u015frefiye Beldesine yine f\u00fczelerle sald\u0131rd\u0131. Homs \u0130l Emniyet M\u00fcd\u00fcrl\u00fc\u011f\u00fcnde bir kaynak Homs k\u0131rsal\u0131n\u0131n kuzeyinde bulunan ter\u00f6ristlerin E\u015frefiye Beldesine f\u00fczelerle sald\u0131rmalar\u0131 sonucunda bir sivil vatanda\u015f\u0131n \u015fehit d\u00fc\u015ft\u00fc\u011f\u00fcn\u00fc, bir kad\u0131n ve k\u00fc\u00e7\u00fck bir k\u0131z \u00e7ocu\u011fun da yaral\u0131 d\u00fc\u015ft\u00fcklerini belirtti. Kaynak ordu birliklerimizin sald\u0131rganlar\u0131n mevkilerini &hellip;<\/p>\n","protected":false},"author":1,"featured_media":146026,"comment_status":"closed","ping_status":"closed","sticky":false,"template":"","format":"standard","meta":{"footnotes":""},"categories":[479,575,17988,478],"tags":[1293,18174,24111,16591,19034,22181],"class_list":["post-145994","post","type-post","status-publish","format-standard","has-post-thumbnail","","category-haberler-yerel","category-olaylar-ve-gercekler","category-son-haberler","category-yerel","tag-homs","tag-sivillere-saldiri","tag-sivilleri-bombaladi","tag-suriye","tag-suriyeli-muhalifler","tag-suriyeliler"],"_links":{"self":[{"href":"https:\/\/archive.sana.sy\/tr\/index.php?rest_route=\/wp\/v2\/posts\/145994","targetHints":{"allow":["GET"]}}],"collection":[{"href":"https:\/\/archive.sana.sy\/tr\/index.php?rest_route=\/wp\/v2\/posts"}],"about":[{"href":"https:\/\/archive.sana.sy\/tr\/index.php?rest_route=\/wp\/v2\/types\/post"}],"author":[{"embeddable":true,"href":"https:\/\/archive.sana.sy\/tr\/index.php?rest_route=\/wp\/v2\/users\/1"}],"replies":[{"embeddable":true,"href":"https:\/\/archive.sana.sy\/tr\/index.php?rest_route=%2Fwp%2Fv2%2Fcomments&post=145994"}],"version-history":[{"count":0,"href":"https:\/\/archive.sana.sy\/tr\/index.php?rest_route=\/wp\/v2\/posts\/145994\/revisions"}],"wp:featuredmedia":[{"embeddable":true,"href":"https:\/\/archive.sana.sy\/tr\/index.php?rest_route=\/wp\/v2\/media\/146026"}],"wp:attachment":[{"href":"https:\/\/archive.sana.sy\/tr\/index.php?rest_route=%2Fwp%2Fv2%2Fmedia&parent=145994"}],"wp:term":[{"taxonomy":"category","embeddable":true,"href":"https:\/\/archive.sana.sy\/tr\/index.php?rest_route=%2Fwp%2Fv2%2Fcategories&post=145994"},{"taxonomy":"post_tag","embeddable":true,"href":"https:\/\/archive.sana.sy\/tr\/index.php?rest_route=%2Fwp%2Fv2%2Ftags&post=145994"}],"curies":[{"name":"wp","href":"https:\/\/api.w.org\/{rel}","templated":true}]}}