{"id":146023,"date":"2018-04-16T12:49:06","date_gmt":"2018-04-16T09:49:06","guid":{"rendered":"https:\/\/www.sana.sy\/tr\/?p=146023"},"modified":"2018-04-16T12:49:06","modified_gmt":"2018-04-16T09:49:06","slug":"homs-il-emniyet-mudurlugunde-bir-kaynak-homs-kirsalinin-kuzeyinde-bulunan-teroristlerin-esrefiye-beldesine-fuzelerle-saldirmalari-sonucunda-bir-sivil-vatandasin-sehit-bir-kadinin-da-yarali-dustukleri","status":"publish","type":"post","link":"https:\/\/archive.sana.sy\/tr\/?p=146023","title":{"rendered":"Homs \u0130l Emniyet M\u00fcd\u00fcrl\u00fc\u011f\u00fcnde bir kaynak Homs k\u0131rsal\u0131n\u0131n kuzeyinde bulunan ter\u00f6ristlerin E\u015frefiye Beldesine f\u00fczelerle sald\u0131rmalar\u0131 sonucunda bir sivil vatanda\u015f\u0131n \u015fehit, bir kad\u0131n\u0131n da yaral\u0131 d\u00fc\u015ft\u00fcklerini belirtti."},"content":{"rendered":"<p>Homs \u0130l Emniyet M\u00fcd\u00fcrl\u00fc\u011f\u00fcnde bir kaynak Homs k\u0131rsal\u0131n\u0131n kuzeyinde bulunan ter\u00f6ristlerin E\u015frefiye Beldesine f\u00fczelerle sald\u0131rmalar\u0131 sonucunda bir sivil vatanda\u015f\u0131n \u015fehit, bir kad\u0131n\u0131n da yaral\u0131 d\u00fc\u015ft\u00fcklerini belirtti.<\/p>\n","protected":false},"excerpt":{"rendered":"<p>Homs \u0130l Emniyet M\u00fcd\u00fcrl\u00fc\u011f\u00fcnde bir kaynak Homs k\u0131rsal\u0131n\u0131n kuzeyinde bulunan ter\u00f6ristlerin E\u015frefiye Beldesine f\u00fczelerle sald\u0131rmalar\u0131 sonucunda bir sivil vatanda\u015f\u0131n \u015fehit, bir kad\u0131n\u0131n da yaral\u0131 d\u00fc\u015ft\u00fcklerini belirtti.<\/p>\n","protected":false},"author":1,"featured_media":0,"comment_status":"closed","ping_status":"closed","sticky":false,"template":"","format":"standard","meta":{"footnotes":""},"categories":[17991],"tags":[],"class_list":["post-146023","post","type-post","status-publish","format-standard","","category-son-dakika"],"_links":{"self":[{"href":"https:\/\/archive.sana.sy\/tr\/index.php?rest_route=\/wp\/v2\/posts\/146023","targetHints":{"allow":["GET"]}}],"collection":[{"href":"https:\/\/archive.sana.sy\/tr\/index.php?rest_route=\/wp\/v2\/posts"}],"about":[{"href":"https:\/\/archive.sana.sy\/tr\/index.php?rest_route=\/wp\/v2\/types\/post"}],"author":[{"embeddable":true,"href":"https:\/\/archive.sana.sy\/tr\/index.php?rest_route=\/wp\/v2\/users\/1"}],"replies":[{"embeddable":true,"href":"https:\/\/archive.sana.sy\/tr\/index.php?rest_route=%2Fwp%2Fv2%2Fcomments&post=146023"}],"version-history":[{"count":0,"href":"https:\/\/archive.sana.sy\/tr\/index.php?rest_route=\/wp\/v2\/posts\/146023\/revisions"}],"wp:attachment":[{"href":"https:\/\/archive.sana.sy\/tr\/index.php?rest_route=%2Fwp%2Fv2%2Fmedia&parent=146023"}],"wp:term":[{"taxonomy":"category","embeddable":true,"href":"https:\/\/archive.sana.sy\/tr\/index.php?rest_route=%2Fwp%2Fv2%2Fcategories&post=146023"},{"taxonomy":"post_tag","embeddable":true,"href":"https:\/\/archive.sana.sy\/tr\/index.php?rest_route=%2Fwp%2Fv2%2Ftags&post=146023"}],"curies":[{"name":"wp","href":"https:\/\/api.w.org\/{rel}","templated":true}]}}