{"id":146186,"date":"2018-04-17T19:03:25","date_gmt":"2018-04-17T16:03:25","guid":{"rendered":"https:\/\/www.sana.sy\/tr\/?p=146186"},"modified":"2018-04-18T15:40:11","modified_gmt":"2018-04-18T12:40:11","slug":"golanlilar-anavatanin-tamami-isgal-ve-terorden-kurtarilacak","status":"publish","type":"post","link":"https:\/\/archive.sana.sy\/tr\/?p=146186","title":{"rendered":"Golanl\u0131lar: Anavatan\u0131n Tamam\u0131 \u0130\u015fgal ve Ter\u00f6rden Kurtar\u0131lacak"},"content":{"rendered":"<p>GOLAN \u2013 \u0130srail i\u015fgali alt\u0131ndaki Golan topraklar\u0131nda ya\u015fayan yurtta\u015flar\u0131m\u0131z Frans\u0131z i\u015fgali ve s\u00f6m\u00fcr\u00fcs\u00fcnden kurtulman\u0131n 72. y\u0131ld\u00f6n\u00fcm\u00fcnde anavatan Suriye&#8217;ye destek ve ba\u011fl\u0131l\u0131klar\u0131n\u0131 bir kez daha vurgulad\u0131.<\/p>\n<p><a href=\"https:\/\/www.sana.sy\/tr\/wp-content\/uploads\/2018\/04\/1-8-3.jpg\"><img loading=\"lazy\" decoding=\"async\" class=\"alignright wp-image-146180 size-medium\" src=\"https:\/\/www.sana.sy\/tr\/wp-content\/uploads\/2018\/04\/1-8-3-300x169.jpg\" alt=\"\" width=\"300\" height=\"169\" srcset=\"https:\/\/archive.sana.sy\/tr\/wp-content\/uploads\/2018\/04\/1-8-3-300x169.jpg 300w, https:\/\/archive.sana.sy\/tr\/wp-content\/uploads\/2018\/04\/1-8-3-150x84.jpg 150w, https:\/\/archive.sana.sy\/tr\/wp-content\/uploads\/2018\/04\/1-8-3-768x432.jpg 768w, https:\/\/archive.sana.sy\/tr\/wp-content\/uploads\/2018\/04\/1-8-3-1024x576.jpg 1024w, https:\/\/archive.sana.sy\/tr\/wp-content\/uploads\/2018\/04\/1-8-3.jpg 1200w\" sizes=\"auto, (max-width: 300px) 100vw, 300px\" \/><\/a>Golanl\u0131lar bu m\u00fcnasebetle d\u00fczenledikleri etkinlikte; yedi y\u0131ldan fazla bir s\u00fcredir uluslar aras\u0131 ter\u00f6r ve i\u015fverenlerine kahramanca bir m\u00fccadele veren Suriye ordusunun Golan dahil vatan topraklar\u0131n\u0131n her kar\u0131\u015f\u0131n\u0131 ter\u00f6r ve i\u015fgalden kurtaraca\u011f\u0131na mutlak inan\u00e7lar\u0131n\u0131 vurgulad\u0131lar.<\/p>\n<p>Suriye&#8217;nin egemenli\u011fi ve toprak b\u00fct\u00fcnl\u00fc\u011f\u00fcn\u00fc korumada ordu birliklerimizin fedakarl\u0131klar\u0131 ve \u015fanl\u0131 zaferlerini \u00f6ven Golanl\u0131 yurtta\u015flar\u0131m\u0131z; \u015fehitlerimizin kanlar\u0131n\u0131n hedef gitmesi ve atalar\u0131m\u0131z\u0131n bizlere b\u0131rakt\u0131\u011f\u0131 emanete ihanet etmeye izin vermenin hi\u00e7bir ko\u015ful alt\u0131nda m\u00fcmk\u00fcn olmad\u0131\u011f\u0131n\u0131 vurgulad\u0131.<\/p>\n<p>Golanl\u0131 yurtta\u015flar\u0131m\u0131z i\u015fgal otoritelerinin dayatma ve bask\u0131lar\u0131na kar\u015f\u0131 tutumlar\u0131n\u0131 bir kez daha ifade ederken, Golan ve halk\u0131n\u0131n her daim Suriyeli olarak kalaca\u011f\u0131n\u0131n alt\u0131n\u0131 \u00e7izdi.<\/p>\n","protected":false},"excerpt":{"rendered":"<p>GOLAN \u2013 \u0130srail i\u015fgali alt\u0131ndaki Golan topraklar\u0131nda ya\u015fayan yurtta\u015flar\u0131m\u0131z Frans\u0131z i\u015fgali ve s\u00f6m\u00fcr\u00fcs\u00fcnden kurtulman\u0131n 72. y\u0131ld\u00f6n\u00fcm\u00fcnde anavatan Suriye&#8217;ye destek ve ba\u011fl\u0131l\u0131klar\u0131n\u0131 bir kez daha vurgulad\u0131. Golanl\u0131lar bu m\u00fcnasebetle d\u00fczenledikleri etkinlikte; yedi y\u0131ldan fazla bir s\u00fcredir uluslar aras\u0131 ter\u00f6r ve i\u015fverenlerine kahramanca bir m\u00fccadele veren Suriye ordusunun Golan dahil vatan topraklar\u0131n\u0131n her kar\u0131\u015f\u0131n\u0131 ter\u00f6r ve i\u015fgalden &hellip;<\/p>\n","protected":false},"author":1,"featured_media":146187,"comment_status":"closed","ping_status":"closed","sticky":false,"template":"","format":"standard","meta":{"footnotes":""},"categories":[479,17988,478],"tags":[],"class_list":["post-146186","post","type-post","status-publish","format-standard","has-post-thumbnail","","category-haberler-yerel","category-son-haberler","category-yerel"],"_links":{"self":[{"href":"https:\/\/archive.sana.sy\/tr\/index.php?rest_route=\/wp\/v2\/posts\/146186","targetHints":{"allow":["GET"]}}],"collection":[{"href":"https:\/\/archive.sana.sy\/tr\/index.php?rest_route=\/wp\/v2\/posts"}],"about":[{"href":"https:\/\/archive.sana.sy\/tr\/index.php?rest_route=\/wp\/v2\/types\/post"}],"author":[{"embeddable":true,"href":"https:\/\/archive.sana.sy\/tr\/index.php?rest_route=\/wp\/v2\/users\/1"}],"replies":[{"embeddable":true,"href":"https:\/\/archive.sana.sy\/tr\/index.php?rest_route=%2Fwp%2Fv2%2Fcomments&post=146186"}],"version-history":[{"count":0,"href":"https:\/\/archive.sana.sy\/tr\/index.php?rest_route=\/wp\/v2\/posts\/146186\/revisions"}],"wp:featuredmedia":[{"embeddable":true,"href":"https:\/\/archive.sana.sy\/tr\/index.php?rest_route=\/wp\/v2\/media\/146187"}],"wp:attachment":[{"href":"https:\/\/archive.sana.sy\/tr\/index.php?rest_route=%2Fwp%2Fv2%2Fmedia&parent=146186"}],"wp:term":[{"taxonomy":"category","embeddable":true,"href":"https:\/\/archive.sana.sy\/tr\/index.php?rest_route=%2Fwp%2Fv2%2Fcategories&post=146186"},{"taxonomy":"post_tag","embeddable":true,"href":"https:\/\/archive.sana.sy\/tr\/index.php?rest_route=%2Fwp%2Fv2%2Ftags&post=146186"}],"curies":[{"name":"wp","href":"https:\/\/api.w.org\/{rel}","templated":true}]}}