{"id":146189,"date":"2018-04-17T12:00:17","date_gmt":"2018-04-17T09:00:17","guid":{"rendered":"https:\/\/www.sana.sy\/tr\/?p=146189"},"modified":"2018-04-18T15:40:40","modified_gmt":"2018-04-18T12:40:40","slug":"kuras-ve-sambo-sporunda-arap-sampiyonasini-kazandik","status":"publish","type":"post","link":"https:\/\/archive.sana.sy\/tr\/?p=146189","title":{"rendered":"Kura\u015f ve Sambo Sporunda Arap \u015eampiyonas\u0131n\u0131 Kazand\u0131k"},"content":{"rendered":"<p>BEYRUT \u2013 Suriye sambo ve kura\u015f spor tak\u0131mlar\u0131 L\u00fcbnan\u2019\u0131n ba\u015fkenti Beyrut\u2019ta d\u00fczenlenen Arap \u015eampiyonas\u0131nda birincili\u011fi kazand\u0131.<\/p>\n<p>Suriye&#8217;nin yan\u0131 s\u0131ra L\u00fcbnan, Irak, \u00dcrd\u00fcn, M\u0131s\u0131r ve Sudan\u2019\u0131n kat\u0131ld\u0131klar\u0131 \u015fampiyonada Suriye tak\u0131m\u0131 sambo sporunda 5 alt\u0131n, 4 de g\u00fcm\u00fc\u015f madalya kazand\u0131.<\/p>\n<p>Kura\u015f sporunda ise Suriye tak\u0131m\u0131 3 alt\u0131n, 4 g\u00fcm\u00fc\u015f ve 2 bronz madalya kazand\u0131.<\/p>\n<p>\u015eampiyonada ikincili\u011fi ev sahipli\u011fini yapan L\u00fcbnan, \u00fc\u00e7\u00fcnc\u00fcl\u00fc\u011f\u00fc de Irak tak\u0131m\u0131 kazand\u0131.<\/p>\n","protected":false},"excerpt":{"rendered":"<p>BEYRUT \u2013 Suriye sambo ve kura\u015f spor tak\u0131mlar\u0131 L\u00fcbnan\u2019\u0131n ba\u015fkenti Beyrut\u2019ta d\u00fczenlenen Arap \u015eampiyonas\u0131nda birincili\u011fi kazand\u0131. Suriye&#8217;nin yan\u0131 s\u0131ra L\u00fcbnan, Irak, \u00dcrd\u00fcn, M\u0131s\u0131r ve Sudan\u2019\u0131n kat\u0131ld\u0131klar\u0131 \u015fampiyonada Suriye tak\u0131m\u0131 sambo sporunda 5 alt\u0131n, 4 de g\u00fcm\u00fc\u015f madalya kazand\u0131. Kura\u015f sporunda ise Suriye tak\u0131m\u0131 3 alt\u0131n, 4 g\u00fcm\u00fc\u015f ve 2 bronz madalya kazand\u0131. \u015eampiyonada ikincili\u011fi ev &hellip;<\/p>\n","protected":false},"author":1,"featured_media":146202,"comment_status":"closed","ping_status":"closed","sticky":false,"template":"","format":"standard","meta":{"footnotes":""},"categories":[458,498,459,17988,496],"tags":[],"class_list":["post-146189","post","type-post","status-publish","format-standard","has-post-thumbnail","","category-dunya1","category-dunya-turnuvalari","category-haberler-arap-uluslararasi-politika","category-son-haberler","category-spor"],"_links":{"self":[{"href":"https:\/\/archive.sana.sy\/tr\/index.php?rest_route=\/wp\/v2\/posts\/146189","targetHints":{"allow":["GET"]}}],"collection":[{"href":"https:\/\/archive.sana.sy\/tr\/index.php?rest_route=\/wp\/v2\/posts"}],"about":[{"href":"https:\/\/archive.sana.sy\/tr\/index.php?rest_route=\/wp\/v2\/types\/post"}],"author":[{"embeddable":true,"href":"https:\/\/archive.sana.sy\/tr\/index.php?rest_route=\/wp\/v2\/users\/1"}],"replies":[{"embeddable":true,"href":"https:\/\/archive.sana.sy\/tr\/index.php?rest_route=%2Fwp%2Fv2%2Fcomments&post=146189"}],"version-history":[{"count":0,"href":"https:\/\/archive.sana.sy\/tr\/index.php?rest_route=\/wp\/v2\/posts\/146189\/revisions"}],"wp:featuredmedia":[{"embeddable":true,"href":"https:\/\/archive.sana.sy\/tr\/index.php?rest_route=\/wp\/v2\/media\/146202"}],"wp:attachment":[{"href":"https:\/\/archive.sana.sy\/tr\/index.php?rest_route=%2Fwp%2Fv2%2Fmedia&parent=146189"}],"wp:term":[{"taxonomy":"category","embeddable":true,"href":"https:\/\/archive.sana.sy\/tr\/index.php?rest_route=%2Fwp%2Fv2%2Fcategories&post=146189"},{"taxonomy":"post_tag","embeddable":true,"href":"https:\/\/archive.sana.sy\/tr\/index.php?rest_route=%2Fwp%2Fv2%2Ftags&post=146189"}],"curies":[{"name":"wp","href":"https:\/\/api.w.org\/{rel}","templated":true}]}}