{"id":14644,"date":"2014-11-04T15:14:40","date_gmt":"2014-11-04T13:14:40","guid":{"rendered":"http:\/\/www.sana.sy\/tr\/?p=14644"},"modified":"2014-11-05T16:51:50","modified_gmt":"2014-11-05T14:51:50","slug":"muallim-rybakov-ile-bir-araya-geldi","status":"publish","type":"post","link":"https:\/\/archive.sana.sy\/tr\/?p=14644","title":{"rendered":"Muallim Rybakov \u0130le Bir Araya Geldi"},"content":{"rendered":"<p>\u015eAM \u2013 Ba\u015fbakan Yard\u0131mc\u0131s\u0131 D\u0131\u015fi\u015fleri ve Gurbet\u00e7iler Bakan\u0131 Velid el Muallim bug\u00fcn Beyaz Rusya D\u0131\u015fi\u015fleri Bakan\u0131 Yard\u0131mc\u0131s\u0131 Valentin Rybakov ve ona e\u015flik eden heyeti kabul ederek iki dost \u00fclke aras\u0131ndaki ili\u015fkileri ekonomik, ticari, bilimsel, k\u00fclt\u00fcrel ve daha muhtelif alanlarda geli\u015ftirme olanaklar\u0131n\u0131 masaya yat\u0131rd\u0131.<\/p>\n<p><a href=\"http:\/\/www.sana.sy\/tr\/wp-content\/uploads\/2014\/11\/d\u0131\u015fi\u015fleri-bakan\u0131-2.jpg\"><img loading=\"lazy\" decoding=\"async\" class=\"alignright wp-image-14646 size-medium\" src=\"http:\/\/www.sana.sy\/tr\/wp-content\/uploads\/2014\/11\/d\u0131\u015fi\u015fleri-bakan\u0131-2-300x182.jpg\" alt=\"d\u0131\u015fi\u015fleri bakan\u0131 2\" width=\"300\" height=\"182\" srcset=\"https:\/\/archive.sana.sy\/tr\/wp-content\/uploads\/2014\/11\/d\u0131\u015fi\u015fleri-bakan\u0131-2-300x182.jpg 300w, https:\/\/archive.sana.sy\/tr\/wp-content\/uploads\/2014\/11\/d\u0131\u015fi\u015fleri-bakan\u0131-2-150x91.jpg 150w, https:\/\/archive.sana.sy\/tr\/wp-content\/uploads\/2014\/11\/d\u0131\u015fi\u015fleri-bakan\u0131-2-1024x622.jpg 1024w\" sizes=\"auto, (max-width: 300px) 100vw, 300px\" \/><\/a>\u0130ki \u00fclke karma komitesinin \u00e7al\u0131\u015fmalar\u0131n\u0131 ve rol\u00fcn\u00fc etkinle\u015ftirme mekanizmalar\u0131n\u0131n ele al\u0131nd\u0131\u011f\u0131 g\u00f6r\u00fc\u015fmede Muallim; Beyaz Rusya&#8217;n\u0131n, maruz kald\u0131\u011f\u0131 evrensel ter\u00f6r sava\u015f\u0131 kar\u015f\u0131s\u0131nda Suriye&#8217;yi y\u00f6netim ve halk olarak destekleyen tutumlar\u0131n\u0131n takdire \u015fayan oldu\u011funu ifade etti.<\/p>\n<p>Konuk bakan yard\u0131mc\u0131s\u0131 Rybakov; \u00fclkesinin mutlak bir \u015fekilde Suriye&#8217;ye deste\u011fini ifade ederken, iki \u00fclke karma komitesinin \u00e7al\u0131\u015fmalar\u0131n\u0131 etkinle\u015ftirmenin \u00f6nemini belirtti.<\/p>\n<p>Bu arada konuk bakan yard\u0131mc\u0131s\u0131 g\u00fcn\u00fcn erken saatlerinde e\u015fli\u011findeki heyet ile birlikte D\u0131\u015fi\u015fleri ve Gurbet\u00e7iler Bakan\u0131 Yard\u0131mc\u0131s\u0131 Eyman Sosan ile bir oturum d\u00fczenlemi\u015fti. Oturumda Suriye&#8217;deki son geli\u015fmelere ilaveten b\u00f6lgesel ve uluslar aras\u0131 g\u00fcndem ayr\u0131nt\u0131lar\u0131yla ele al\u0131nd\u0131.<\/p>\n","protected":false},"excerpt":{"rendered":"<p>\u015eAM \u2013 Ba\u015fbakan Yard\u0131mc\u0131s\u0131 D\u0131\u015fi\u015fleri ve Gurbet\u00e7iler Bakan\u0131 Velid el Muallim bug\u00fcn Beyaz Rusya D\u0131\u015fi\u015fleri Bakan\u0131 Yard\u0131mc\u0131s\u0131 Valentin Rybakov ve ona e\u015flik eden heyeti kabul ederek iki dost \u00fclke aras\u0131ndaki ili\u015fkileri ekonomik, ticari, bilimsel, k\u00fclt\u00fcrel ve daha muhtelif alanlarda geli\u015ftirme olanaklar\u0131n\u0131 masaya yat\u0131rd\u0131. \u0130ki \u00fclke karma komitesinin \u00e7al\u0131\u015fmalar\u0131n\u0131 ve rol\u00fcn\u00fc etkinle\u015ftirme mekanizmalar\u0131n\u0131n ele al\u0131nd\u0131\u011f\u0131 g\u00f6r\u00fc\u015fmede &hellip;<\/p>\n","protected":false},"author":1,"featured_media":14645,"comment_status":"closed","ping_status":"closed","sticky":false,"template":"","format":"standard","meta":{"footnotes":""},"categories":[479,478],"tags":[5016,5019,5017,5018,5015,4338],"class_list":["post-14644","post","type-post","status-publish","format-standard","has-post-thumbnail","","category-haberler-yerel","category-yerel","tag-bilimsel","tag-iki-ulke-karma-komitesinin-calismalarini-etkinlestirmenin-onemini-belirtti-bu-arada-konuk-bakan-yardimcisi-gunun-erken-saatlerinde-esligindeki-heyet-ile-birlikte-disisleri-ve-gurbetciler-bakani-yardi","tag-kulturel-ve-daha-muhtelif-alanlarda-gelistirme-olanaklarini-masaya-yatirdi-iki-ulke-karma-komitesinin-calismalarini-ve-rolunu-etkinlestirme-mekanizmalarinin-ele-alindigi-gorusmede-muallim-beyaz-rusy","tag-maruz-kaldigi-evrensel-teror-savasi-karsisinda-suriyeyi-yonetim-ve-halk-olarak-destekleyen-tutumlarinin-takdire-sayan-oldugunu-ifade-etti-konuk-bakan-yardimcisi-rybakov-ulkesinin-mutlak-bir-sekilde","tag-muallim-rybakov-ile-bir-araya-geldi-sam-basbakan-yardimcisi-disisleri-ve-gurbetciler-bakani-velid-el-muallim-bugun-beyaz-rusya-disisleri-bakani-yardimcisi-valentin-rybakov-ve-ona-eslik-eden","tag-ticari"],"_links":{"self":[{"href":"https:\/\/archive.sana.sy\/tr\/index.php?rest_route=\/wp\/v2\/posts\/14644","targetHints":{"allow":["GET"]}}],"collection":[{"href":"https:\/\/archive.sana.sy\/tr\/index.php?rest_route=\/wp\/v2\/posts"}],"about":[{"href":"https:\/\/archive.sana.sy\/tr\/index.php?rest_route=\/wp\/v2\/types\/post"}],"author":[{"embeddable":true,"href":"https:\/\/archive.sana.sy\/tr\/index.php?rest_route=\/wp\/v2\/users\/1"}],"replies":[{"embeddable":true,"href":"https:\/\/archive.sana.sy\/tr\/index.php?rest_route=%2Fwp%2Fv2%2Fcomments&post=14644"}],"version-history":[{"count":0,"href":"https:\/\/archive.sana.sy\/tr\/index.php?rest_route=\/wp\/v2\/posts\/14644\/revisions"}],"wp:featuredmedia":[{"embeddable":true,"href":"https:\/\/archive.sana.sy\/tr\/index.php?rest_route=\/wp\/v2\/media\/14645"}],"wp:attachment":[{"href":"https:\/\/archive.sana.sy\/tr\/index.php?rest_route=%2Fwp%2Fv2%2Fmedia&parent=14644"}],"wp:term":[{"taxonomy":"category","embeddable":true,"href":"https:\/\/archive.sana.sy\/tr\/index.php?rest_route=%2Fwp%2Fv2%2Fcategories&post=14644"},{"taxonomy":"post_tag","embeddable":true,"href":"https:\/\/archive.sana.sy\/tr\/index.php?rest_route=%2Fwp%2Fv2%2Ftags&post=14644"}],"curies":[{"name":"wp","href":"https:\/\/api.w.org\/{rel}","templated":true}]}}