{"id":146544,"date":"2018-04-21T11:59:34","date_gmt":"2018-04-21T08:59:34","guid":{"rendered":"https:\/\/www.sana.sy\/tr\/?p=146544"},"modified":"2018-04-21T11:59:34","modified_gmt":"2018-04-21T08:59:34","slug":"sananin-savas-muhabiri-sam-kirsali-kalemun-bolgesinin-rhaybe-ceyrud-ve-nasiriiye-beldelerini-terorden-arindirilmasi-kapsaminda-rhaybe-beldesinde-bulunan-teroristleri-ve-ailelerini-tasiyan-ot","status":"publish","type":"post","link":"https:\/\/archive.sana.sy\/tr\/?p=146544","title":{"rendered":"SANA\u2019n\u0131n sava\u015f muhabiri \u015eam k\u0131rsal\u0131 Kalemun B\u00f6lgesinin Rhaybe, Ceyrud ve Nas\u0131r\u0131iye beldelerini ter\u00f6rden ar\u0131nd\u0131r\u0131lmas\u0131 kapsam\u0131nda Rhaybe Beldesinde bulunan ter\u00f6ristleri ve ailelerini ta\u015f\u0131yan otob\u00fcslerin beldeden \u00e7\u0131maya ba\u015flad\u0131klar\u0131n\u0131 aktard\u0131"},"content":{"rendered":"<p>SANA\u2019n\u0131n sava\u015f muhabiri \u015eam k\u0131rsal\u0131 Kalemun B\u00f6lgesinin Rhaybe, Ceyrud ve Nas\u0131r\u0131iye beldelerini ter\u00f6rden ar\u0131nd\u0131r\u0131lmas\u0131 kapsam\u0131nda Rhaybe Beldesinde bulunan ter\u00f6ristleri ve ailelerini ta\u015f\u0131yan otob\u00fcslerin beldeden \u00e7\u0131maya ba\u015flad\u0131klar\u0131n\u0131 aktard\u0131<\/p>\n","protected":false},"excerpt":{"rendered":"<p>SANA\u2019n\u0131n sava\u015f muhabiri \u015eam k\u0131rsal\u0131 Kalemun B\u00f6lgesinin Rhaybe, Ceyrud ve Nas\u0131r\u0131iye beldelerini ter\u00f6rden ar\u0131nd\u0131r\u0131lmas\u0131 kapsam\u0131nda Rhaybe Beldesinde bulunan ter\u00f6ristleri ve ailelerini ta\u015f\u0131yan otob\u00fcslerin beldeden \u00e7\u0131maya ba\u015flad\u0131klar\u0131n\u0131 aktard\u0131<\/p>\n","protected":false},"author":1,"featured_media":0,"comment_status":"closed","ping_status":"closed","sticky":false,"template":"","format":"standard","meta":{"footnotes":""},"categories":[17991],"tags":[],"class_list":["post-146544","post","type-post","status-publish","format-standard","","category-son-dakika"],"_links":{"self":[{"href":"https:\/\/archive.sana.sy\/tr\/index.php?rest_route=\/wp\/v2\/posts\/146544","targetHints":{"allow":["GET"]}}],"collection":[{"href":"https:\/\/archive.sana.sy\/tr\/index.php?rest_route=\/wp\/v2\/posts"}],"about":[{"href":"https:\/\/archive.sana.sy\/tr\/index.php?rest_route=\/wp\/v2\/types\/post"}],"author":[{"embeddable":true,"href":"https:\/\/archive.sana.sy\/tr\/index.php?rest_route=\/wp\/v2\/users\/1"}],"replies":[{"embeddable":true,"href":"https:\/\/archive.sana.sy\/tr\/index.php?rest_route=%2Fwp%2Fv2%2Fcomments&post=146544"}],"version-history":[{"count":0,"href":"https:\/\/archive.sana.sy\/tr\/index.php?rest_route=\/wp\/v2\/posts\/146544\/revisions"}],"wp:attachment":[{"href":"https:\/\/archive.sana.sy\/tr\/index.php?rest_route=%2Fwp%2Fv2%2Fmedia&parent=146544"}],"wp:term":[{"taxonomy":"category","embeddable":true,"href":"https:\/\/archive.sana.sy\/tr\/index.php?rest_route=%2Fwp%2Fv2%2Fcategories&post=146544"},{"taxonomy":"post_tag","embeddable":true,"href":"https:\/\/archive.sana.sy\/tr\/index.php?rest_route=%2Fwp%2Fv2%2Ftags&post=146544"}],"curies":[{"name":"wp","href":"https:\/\/api.w.org\/{rel}","templated":true}]}}