{"id":146547,"date":"2018-04-21T12:15:11","date_gmt":"2018-04-21T09:15:11","guid":{"rendered":"https:\/\/www.sana.sy\/tr\/?p=146547"},"modified":"2018-04-22T12:11:56","modified_gmt":"2018-04-22T09:11:56","slug":"kalemon-bolgesini-terorden-arindirma-icraatlari-devam-ediyor","status":"publish","type":"post","link":"https:\/\/archive.sana.sy\/tr\/?p=146547","title":{"rendered":"Kalemon B\u00f6lgesini Ter\u00f6rden Ar\u0131nd\u0131rma \u0130craatlar\u0131 Devam Ediyor (video)"},"content":{"rendered":"<p>\u015eAM KIRSALI \u2013 Ba\u015fkent \u015eam\u2019\u0131n do\u011fu k\u0131rsal\u0131 Kalemun B\u00f6lgesinin Rhaybe, Nas\u0131riye ve Ceyrud beldelerini ter\u00f6rden ar\u0131nd\u0131rma icraatlar\u0131 devam ediyor.<\/p>\n<p>SANA\u2019n\u0131n sava\u015f muhabiri bug\u00fcn sabah saatlerinde Rhaybe Beldesindeki ter\u00f6ristleri aileleri ile birlikte tahliye etmek amac\u0131yla \u00e7ok say\u0131da otob\u00fcs\u00fcn beldeye girdiklerini aktard\u0131.<a href=\"https:\/\/www.sana.sy\/tr\/wp-content\/uploads\/2018\/04\/1-1-10.jpg\"><img loading=\"lazy\" decoding=\"async\" class=\"alignright wp-image-146557 size-medium\" src=\"https:\/\/www.sana.sy\/tr\/wp-content\/uploads\/2018\/04\/1-1-10-300x182.jpg\" alt=\"\" width=\"300\" height=\"182\" srcset=\"https:\/\/archive.sana.sy\/tr\/wp-content\/uploads\/2018\/04\/1-1-10-300x182.jpg 300w, https:\/\/archive.sana.sy\/tr\/wp-content\/uploads\/2018\/04\/1-1-10-150x91.jpg 150w, https:\/\/archive.sana.sy\/tr\/wp-content\/uploads\/2018\/04\/1-1-10-768x467.jpg 768w, https:\/\/archive.sana.sy\/tr\/wp-content\/uploads\/2018\/04\/1-1-10-1024x622.jpg 1024w, https:\/\/archive.sana.sy\/tr\/wp-content\/uploads\/2018\/04\/1-1-10.jpg 1200w\" sizes=\"auto, (max-width: 300px) 100vw, 300px\" \/><\/a><\/p>\n<p>G\u00fcn\u00fcn ilerleyen saatlerinde ise\u00a0muhabir; Rhaybe, Ceyrud ve Nas\u0131riye beldelerinden y\u00fczlerce ter\u00f6rist ve ailesini ta\u011f\u0131yan 35 otob\u00fcs\u00fcn beldelerden \u00e7\u0131kt\u0131klar\u0131n\u0131 belirtti. Muhabir otob\u00fcslerin tefti\u015f edilmeleri ard\u0131ndan toplu \u015fekilde Suriye&#8217;nin kuzeyine g\u00f6nderileceklerini kaydetti.<\/p>\n<p>Muhabir beldede bulunan ter\u00f6ristlerin \u0130dlib ve Halep k\u0131rsal\u0131 Cerablus&#8217;a aktar\u0131lmadan \u00f6nce orta ve a\u011f\u0131r t\u00fcm silahlar\u0131n\u0131n yan\u0131 s\u0131ra cephane depolar\u0131n\u0131 ordu birliklerimize teslim ettiklerini ifade ederken, t\u00fcm silahlar\u0131n\u0131 teslim edenlerin ise kanuni durumlar\u0131 yeniden d\u00fczenlenip normal ya\u015famlar\u0131na d\u00f6neceklerini aktard\u0131.<\/p>\n<div id='gallery-1' class='gallery galleryid-146547 gallery-columns-3 gallery-size-thumbnail'><figure class='gallery-item'>\n\t\t\t<div class='gallery-icon landscape'>\n\t\t\t\t<a href='https:\/\/archive.sana.sy\/tr\/wp-content\/uploads\/2018\/04\/2222-Copy.jpg'><img loading=\"lazy\" decoding=\"async\" width=\"150\" height=\"97\" src=\"https:\/\/archive.sana.sy\/tr\/wp-content\/uploads\/2018\/04\/2222-Copy-150x97.jpg\" class=\"attachment-thumbnail size-thumbnail\" alt=\"\" srcset=\"https:\/\/archive.sana.sy\/tr\/wp-content\/uploads\/2018\/04\/2222-Copy-150x97.jpg 150w, https:\/\/archive.sana.sy\/tr\/wp-content\/uploads\/2018\/04\/2222-Copy-300x195.jpg 300w, https:\/\/archive.sana.sy\/tr\/wp-content\/uploads\/2018\/04\/2222-Copy-768x498.jpg 768w, https:\/\/archive.sana.sy\/tr\/wp-content\/uploads\/2018\/04\/2222-Copy-1024x664.jpg 1024w, https:\/\/archive.sana.sy\/tr\/wp-content\/uploads\/2018\/04\/2222-Copy.jpg 1200w\" sizes=\"auto, (max-width: 150px) 100vw, 150px\" \/><\/a>\n\t\t\t<\/div><\/figure><figure class='gallery-item'>\n\t\t\t<div class='gallery-icon landscape'>\n\t\t\t\t<a href='https:\/\/archive.sana.sy\/tr\/wp-content\/uploads\/2018\/04\/1-2-13.jpg'><img loading=\"lazy\" decoding=\"async\" width=\"150\" height=\"96\" src=\"https:\/\/archive.sana.sy\/tr\/wp-content\/uploads\/2018\/04\/1-2-13-150x96.jpg\" class=\"attachment-thumbnail size-thumbnail\" alt=\"\" srcset=\"https:\/\/archive.sana.sy\/tr\/wp-content\/uploads\/2018\/04\/1-2-13-150x96.jpg 150w, https:\/\/archive.sana.sy\/tr\/wp-content\/uploads\/2018\/04\/1-2-13-300x192.jpg 300w, https:\/\/archive.sana.sy\/tr\/wp-content\/uploads\/2018\/04\/1-2-13-768x492.jpg 768w, https:\/\/archive.sana.sy\/tr\/wp-content\/uploads\/2018\/04\/1-2-13-1024x655.jpg 1024w, https:\/\/archive.sana.sy\/tr\/wp-content\/uploads\/2018\/04\/1-2-13.jpg 1200w\" sizes=\"auto, (max-width: 150px) 100vw, 150px\" \/><\/a>\n\t\t\t<\/div><\/figure><figure class='gallery-item'>\n\t\t\t<div class='gallery-icon landscape'>\n\t\t\t\t<a href='https:\/\/archive.sana.sy\/tr\/wp-content\/uploads\/2018\/04\/1-3-9.jpg'><img loading=\"lazy\" decoding=\"async\" width=\"150\" height=\"102\" src=\"https:\/\/archive.sana.sy\/tr\/wp-content\/uploads\/2018\/04\/1-3-9-150x102.jpg\" class=\"attachment-thumbnail size-thumbnail\" alt=\"\" srcset=\"https:\/\/archive.sana.sy\/tr\/wp-content\/uploads\/2018\/04\/1-3-9-150x102.jpg 150w, https:\/\/archive.sana.sy\/tr\/wp-content\/uploads\/2018\/04\/1-3-9-300x204.jpg 300w, https:\/\/archive.sana.sy\/tr\/wp-content\/uploads\/2018\/04\/1-3-9-768x522.jpg 768w, https:\/\/archive.sana.sy\/tr\/wp-content\/uploads\/2018\/04\/1-3-9-1024x696.jpg 1024w, https:\/\/archive.sana.sy\/tr\/wp-content\/uploads\/2018\/04\/1-3-9-110x75.jpg 110w, https:\/\/archive.sana.sy\/tr\/wp-content\/uploads\/2018\/04\/1-3-9.jpg 1200w\" sizes=\"auto, (max-width: 150px) 100vw, 150px\" \/><\/a>\n\t\t\t<\/div><\/figure>\n\t\t<\/div>\n\n<p>https:\/\/www.youtube.com\/watch?v=V7mg2wkiE7U<\/p>\n","protected":false},"excerpt":{"rendered":"<p>\u015eAM KIRSALI \u2013 Ba\u015fkent \u015eam\u2019\u0131n do\u011fu k\u0131rsal\u0131 Kalemun B\u00f6lgesinin Rhaybe, Nas\u0131riye ve Ceyrud beldelerini ter\u00f6rden ar\u0131nd\u0131rma icraatlar\u0131 devam ediyor. SANA\u2019n\u0131n sava\u015f muhabiri bug\u00fcn sabah saatlerinde Rhaybe Beldesindeki ter\u00f6ristleri aileleri ile birlikte tahliye etmek amac\u0131yla \u00e7ok say\u0131da otob\u00fcs\u00fcn beldeye girdiklerini aktard\u0131. G\u00fcn\u00fcn ilerleyen saatlerinde ise\u00a0muhabir; Rhaybe, Ceyrud ve Nas\u0131riye beldelerinden y\u00fczlerce ter\u00f6rist ve ailesini ta\u011f\u0131yan 35 &hellip;<\/p>\n","protected":false},"author":1,"featured_media":146564,"comment_status":"closed","ping_status":"closed","sticky":false,"template":"","format":"standard","meta":{"footnotes":""},"categories":[596,479,575,17988,478],"tags":[21046,35917,2755,2297,16591,11549,19034],"class_list":["post-146547","post","type-post","status-publish","format-standard","has-post-thumbnail","","category-fotografli-raporlar","category-haberler-yerel","category-olaylar-ve-gercekler","category-son-haberler","category-yerel","tag-ceysul-islam","tag-kalemon","tag-sam","tag-sam-kirsali","tag-suriye","tag-suriye-ordusu","tag-suriyeli-muhalifler"],"_links":{"self":[{"href":"https:\/\/archive.sana.sy\/tr\/index.php?rest_route=\/wp\/v2\/posts\/146547","targetHints":{"allow":["GET"]}}],"collection":[{"href":"https:\/\/archive.sana.sy\/tr\/index.php?rest_route=\/wp\/v2\/posts"}],"about":[{"href":"https:\/\/archive.sana.sy\/tr\/index.php?rest_route=\/wp\/v2\/types\/post"}],"author":[{"embeddable":true,"href":"https:\/\/archive.sana.sy\/tr\/index.php?rest_route=\/wp\/v2\/users\/1"}],"replies":[{"embeddable":true,"href":"https:\/\/archive.sana.sy\/tr\/index.php?rest_route=%2Fwp%2Fv2%2Fcomments&post=146547"}],"version-history":[{"count":0,"href":"https:\/\/archive.sana.sy\/tr\/index.php?rest_route=\/wp\/v2\/posts\/146547\/revisions"}],"wp:featuredmedia":[{"embeddable":true,"href":"https:\/\/archive.sana.sy\/tr\/index.php?rest_route=\/wp\/v2\/media\/146564"}],"wp:attachment":[{"href":"https:\/\/archive.sana.sy\/tr\/index.php?rest_route=%2Fwp%2Fv2%2Fmedia&parent=146547"}],"wp:term":[{"taxonomy":"category","embeddable":true,"href":"https:\/\/archive.sana.sy\/tr\/index.php?rest_route=%2Fwp%2Fv2%2Fcategories&post=146547"},{"taxonomy":"post_tag","embeddable":true,"href":"https:\/\/archive.sana.sy\/tr\/index.php?rest_route=%2Fwp%2Fv2%2Ftags&post=146547"}],"curies":[{"name":"wp","href":"https:\/\/api.w.org\/{rel}","templated":true}]}}